{"id":283957,"date":"2015-06-09T09:48:30","date_gmt":"2015-06-09T14:48:30","guid":{"rendered":"http:\/\/futboltotal.com.mx\/?p=283957"},"modified":"2015-06-09T09:49:56","modified_gmt":"2015-06-09T14:49:56","slug":"los-seleccionados-de-belgica-se-burlan-de-giroud","status":"publish","type":"post","link":"http:\/\/desarrollo.grupomedios.com\/futbol\/videos\/los-seleccionados-de-belgica-se-burlan-de-giroud\/2015\/06","title":{"rendered":"Thug Life belga para Giroud"},"content":{"rendered":"<p>El amistoso celebrado en el Stade Saint Denis el domingo entre Francia y B\u00e9lgica fue una joya para los amantes al futbol, excelente duelo y siete goles, pero lo que no se vio durante el partido y revelaron las c\u00e1maras tambi\u00e9n dio muchas cosas para comentar, pues previo a la reanudaci\u00f3n del segundo tiempo <strong>Giroud<\/strong> sostiene una conversaci\u00f3n rel\u00e1mpago con <strong>Hazard<\/strong>, y al correr, los seleccionados de B\u00e9lgica se burlan del atacante <em>gunner<\/em>. \u00bfPor qu\u00e9 habr\u00e1 sido la risita, cracks? <\/p>\n<p><iframe loading=\"lazy\" src=\"https:\/\/www.youtube.com\/embed\/Cf2vYlBPhxg\" frameborder=\"0\" allowfullscreen><\/iframe><\/p>\n","protected":false},"excerpt":{"rendered":"<p>El atacante del Arsenal fue trolleado y adem\u00e1s perdi\u00f3 el partido con Francia <\/p>\n","protected":false},"author":20,"featured_media":283961,"comment_status":"open","ping_status":"open","sticky":false,"template":"","format":"standard","meta":[],"categories":[4],"tags":[599,413,5507],"_links":{"self":[{"href":"http:\/\/desarrollo.grupomedios.com\/futbol\/wp-json\/wp\/v2\/posts\/283957"}],"collection":[{"href":"http:\/\/desarrollo.grupomedios.com\/futbol\/wp-json\/wp\/v2\/posts"}],"about":[{"href":"http:\/\/desarrollo.grupomedios.com\/futbol\/wp-json\/wp\/v2\/types\/post"}],"author":[{"embeddable":true,"href":"http:\/\/desarrollo.grupomedios.com\/futbol\/wp-json\/wp\/v2\/users\/20"}],"replies":[{"embeddable":true,"href":"http:\/\/desarrollo.grupomedios.com\/futbol\/wp-json\/wp\/v2\/comments?post=283957"}],"version-history":[{"count":0,"href":"http:\/\/desarrollo.grupomedios.com\/futbol\/wp-json\/wp\/v2\/posts\/283957\/revisions"}],"wp:featuredmedia":[{"embeddable":true,"href":"http:\/\/desarrollo.grupomedios.com\/futbol\/wp-json\/wp\/v2\/media\/283961"}],"wp:attachment":[{"href":"http:\/\/desarrollo.grupomedios.com\/futbol\/wp-json\/wp\/v2\/media?parent=283957"}],"wp:term":[{"taxonomy":"category","embeddable":true,"href":"http:\/\/desarrollo.grupomedios.com\/futbol\/wp-json\/wp\/v2\/categories?post=283957"},{"taxonomy":"post_tag","embeddable":true,"href":"http:\/\/desarrollo.grupomedios.com\/futbol\/wp-json\/wp\/v2\/tags?post=283957"}],"curies":[{"name":"wp","href":"https:\/\/api.w.org\/{rel}","templated":true}]}}