{"id":283975,"date":"2015-06-09T09:28:30","date_gmt":"2015-06-09T14:28:30","guid":{"rendered":"http:\/\/futboltotal.com.mx\/?p=283975"},"modified":"2015-06-09T17:13:24","modified_gmt":"2015-06-09T22:13:24","slug":"charlyn-corral-tiene-una-cuenta-pendiente","status":"publish","type":"post","link":"http:\/\/desarrollo.grupomedios.com\/futbol\/futbol-mexicano\/charlyn-corral-tiene-una-cuenta-pendiente\/2015\/06","title":{"rendered":"Charlyn Corral, tiene una cuenta pendiente"},"content":{"rendered":"<p><strong>Charlyn Corral<\/strong>, la joven y experimentada delantera de\u00a0la <strong>selecci\u00f3n de M\u00e9xico Femenil<\/strong>, est\u00e1 \u00e1vida de gloria. Su poca participaci\u00f3n en el <strong>Mundial<\/strong> de Alemania 2011 la dej\u00f3 insatisfecha. Pero su oportunidad de brillar en una <strong>Copa del Mundo<\/strong> se le presenta ahora en <strong>Canad\u00e1 2015<\/strong> y asegura estar decidida a hacerlo bien: \u201cQuiero que sea mi mejor Mundial mayor. Quiero sacarme la espinita\u201d.<\/p>\n<p>Los deseos de <strong>Charlyn<\/strong> son los de una de las m\u00e1ximas exponente del futbol femenil en M\u00e9xico. Su influencia es tal que es m\u00e1s com\u00fan referirse a George -defensa del Quer\u00e9taro- como el hermano de Charlyn, que referirse a Charlyn, como la hermana de George, pese a que este juega en Primera Divisi\u00f3n.<\/p>\n<p>La joven de 23 a\u00f1os ha desarrollado su futbol a la par de su hermano, quien es mayor por dos a\u00f1os. \u201cEmpec\u00e9 a jugar a los cinco a\u00f1os en una escuela de Pumitas y en equipos de futbol r\u00e1pido, siempre con hombres\u201d, recuerda.<\/p>\n<p><strong>Charlyn\u00a0Corral<\/strong>, nacida en Ecatepec, Estado de M\u00e9xico, rememora las vivencias derivadas de la asociaci\u00f3n que estableci\u00f3 con su hermano en algunos partidos en los que hac\u00edan mancuerna: \u201cSol\u00edamos divertirnos haciendo ganar a los equipos de los m\u00e1s d\u00e9biles en los que nos colocaban\u201d.<\/p>\n<p>El tiempo impidi\u00f3 que los hermanos Corral siguieran jugando juntos: al cumplir nueve a\u00f1os -por reglamento- la ni\u00f1a futbolista tuvo que dejar de jugar en equipos de hombres. Pero, por otra parte, <strong>Charlyn<\/strong> tuvo un impulso importante a partir del d\u00eda en el que Rafael Amador acudi\u00f3 a las Fuerzas B\u00e1sicas de Pumas -a donde acompa\u00f1\u00f3 a su hermano-. En ese lugar, Amador vio las habilidades con el bal\u00f3n de la jovencita y decidi\u00f3 apoyarla en su ingreso a la escuela Andrea Soccer, en la que se fogue\u00f3.<\/p>\n<p>\u201cAh\u00ed inici\u00e9 a los nueve a\u00f1os y compet\u00ed en campeonatos nacionales representando al Estado de M\u00e9xico. Fui a seis Olimpiadas Nacionales en donde gan\u00e9 tres medallas de oro, una de plata y una de bronce, adem\u00e1s fui cinco veces campeona de goleo\u201d, resume <strong>Charlyn\u00a0Corral<\/strong>.<\/p>\n<p>[video_player]http:\/\/player.vimeo.com\/external\/129936038.sd.mp4?s=b2e4b7956837c70b4cd28d0f4d269355&amp;profile_id=112[\/video_player]<\/p>\n<p>Las vivencias en ese equipo la hicieron madurar, reconoce <strong>Charlyn<\/strong>. Por esa raz\u00f3n, a los 11 a\u00f1os ya se le reconoc\u00eda su talento e inici\u00f3 su escalada a trav\u00e9s de las categor\u00edas femeniles del <em>Tri<\/em> de forma vertiginosa: tras pasar por la selecci\u00f3n Sub-15, a los 13 a\u00f1os recibi\u00f3 la convocatoria al seleccionado mayor, dirigido desde entonces por Leonardo Cu\u00e9llar: \u201cMe gust\u00f3 mucho su dinamismo y solvencia con la que jugaba\u201d, reconoci\u00f3 el estratega femenil.<\/p>\n<p>Con Maribel Dom\u00ednguez como su referencia, <strong>Charlyn<\/strong> debut\u00f3 con el <em>Tri<\/em> mayor en un juego contra el Barcelona (club en el que en ese momento militaba Marigol). \u201cElla me regal\u00f3 unos tacos con los colores de su club\u201d, rememora gustosa en su perfil de Facebook, la futbolista a la que se ve con el n\u00famero 20 y quien ingres\u00f3 de cambio en lugar de la goleadora Iris Mora.<\/p>\n<p>Un a\u00f1o despu\u00e9s, <strong>Charlyn\u00a0Corral<\/strong>\u00a0fue campeona de goleo del Premundial Sub-20. \u201cEso motiv\u00f3 a la FIFA para nombrarme Ni\u00f1a Prodigio del Futbol Mundial\u201d, presume.\u00a0En el Mundial Sub-20, de Rusia 2006, <strong>M\u00e9xico<\/strong> se qued\u00f3 en la primera fase y <strong>Charlyn<\/strong> anot\u00f3 los dos goles en el triunfo de 4-2 sobre Suiza.<\/p>\n<p>La ni\u00f1a prodigio disput\u00f3 dos Mundiales Sub-20: en Chile 2008 hizo el gol mexicano en la derrota de 5-1 ante Corea del Norte -otrora subcampeona del torneo- en el tercer y \u00faltimo partido de las mexicanas.\u00a0En tanto, en Alemania 2010, anot\u00f3 un gol en el empate 3-3 contra Jap\u00f3n, en el primer juego de la fase grupos, instancia en la que las dirigidas por Roberto Medina terminaron en primer lugar de su sector y se clasificaron por primera ocasi\u00f3n a unos cuartos de final, gracias a un destacado triunfo de 1-0 sobre Inglaterra en el segundo juego.<\/p>\n<p>En ese partido, <strong>Charlyn<\/strong> tom\u00f3 el bal\u00f3n en mediocampo, lo condujo hasta el \u00e1rea y envi\u00f3 un tiro-centro que Ranae Cu\u00e9llar envi\u00f3 a las redes. \u201cNo fue una sorpresa haberle ganado al campe\u00f3n de Europa, lo hab\u00edamos planificado\u201d, asegur\u00f3 el t\u00e9cnico Medina.<\/p>\n<div id=\"attachment_283980\" style=\"width: 710px\" class=\"wp-caption aligncenter\"><a href=\"http:\/\/futboltotal.com.mx\/wp-content\/uploads\/2015\/06\/charlyn_corral_mexico_mundial.jpg\"><img aria-describedby=\"caption-attachment-283980\" decoding=\"async\" loading=\"lazy\" class=\"wp-image-283980\" src=\"http:\/\/futboltotal.com.mx\/wp-content\/uploads\/2015\/06\/charlyn_corral_mexico_mundial.jpg\" alt=\"charlyn_corral_mexico_mundial\" srcset=\"http:\/\/desarrollo.grupomedios.com\/futbol\/wp-content\/uploads\/2015\/06\/charlyn_corral_mexico_mundial.jpg 820w, http:\/\/desarrollo.grupomedios.com\/futbol\/wp-content\/uploads\/2015\/06\/charlyn_corral_mexico_mundial-300x201.jpg 300w\" sizes=\"(max-width: 700px) 100vw, 700px\" \/><\/a><p id=\"caption-attachment-283980\" class=\"wp-caption-text\">Charlyn Corral, la joven y experimentada delantera de la selecci\u00f3n de M\u00e9xico. (Fotos: Imago7)<\/p><\/div>\n<p><strong>La tarea pendiente en el Tri Mayor<\/strong><\/p>\n<p>La trayectoria de la joven futbolista la colocaba para ser pilar en el equipo mexicano que participar\u00eda en el<strong> Mundial Femenil<\/strong> mayor de 2011, en Alemania, no obstante, debido a sus estudios en el Tecnol\u00f3gico de Monterrey, <strong>Charlyn<\/strong> pidi\u00f3 no ser convocada a una gira por Corea del Sur, previa al Premundial de Canc\u00fan en 2010.<\/p>\n<p>\u201cArregl\u00e9 mis asuntos en la Universidad y ped\u00ed por correo electr\u00f3nico ser considerada para la gira, aunque nunca me respondieron\u201d, asegura.<\/p>\n<p>Tras la gira, lleg\u00f3 el momento de la concentraci\u00f3n al Premundial, <strong>Charlyn\u00a0Corral<\/strong>\u00a0acudi\u00f3 el 23 de octubre, en la fecha pactada. Entren\u00f3 con el equipo dos d\u00edas y al tercero, el <em>profe<\/em> Leonardo Cu\u00e9llar inform\u00f3 al grupo que dos jugadoras saldr\u00edan del equipo. \u201cMe dio la sorpresa cuando me dijo que yo estaba fuera porque no hab\u00eda estado en el el proceso previo. Me molest\u00e9 mucho\u201d, explica la futbolista.<\/p>\n<p>Sin <strong>Charlyn<\/strong>, <strong>M\u00e9xico<\/strong> logr\u00f3 su clasificaci\u00f3n al <strong>Mundial<\/strong> de Alemania, torneo para el que s\u00ed fue enlistada en la n\u00f3mina, aunque solo disput\u00f3 30 minutos en el empate 2-2 contra Nueva Zelanda en el tercer partido de la fase de grupos y \u00faltimo para <strong>M\u00e9xico<\/strong> en esa <strong>Copa del Mundo<\/strong>.<\/p>\n<p>Tras esa eliminaci\u00f3n, <strong>Charlyn<\/strong> se dedic\u00f3 a terminar sus estudios universitarios: es licenciada en Administraci\u00f3n Deportiva por la Universidad de Louisville, en Kentucky, Estados Unidos, t\u00edtulo con el que aspira en un futuro a ser directiva de alg\u00fan club del futbol mexicano.<\/p>\n<p>Adem\u00e1s, <strong>Charlyn\u00a0Corral<\/strong>\u00a0jug\u00f3 en los equipos de sus universidades y en 2013 obtuvo la medalla de plata en la Universiada de Kazan, en Rusia. Luego, en 2014, jug\u00f3 en la Liga Femenil Finlandesa con el Merilappi United.<\/p>\n<p>En ese mismo a\u00f1o, <strong>Charlyn<\/strong> regres\u00f3 al <em>Tri<\/em> femenil mayor para colaborar con cuatro goles en la clasificaci\u00f3n al <strong>Mundial<\/strong> de 2015 y ganar la medalla de oro en los Juegos Centroamericanos de Veracruz, torneo en el que fue campeona de goleo con seis tantos.<\/p>\n<p>Ahora <strong>Charlyn\u00a0Corral<\/strong>\u00a0est\u00e1 enfocada en el Mundial de Canada, a disputarse entre el 6 de junio y el 5 de julio. La delantera\u00a0se perfila para ser titular desde el primer juego, ante Colombia. A partir de entonces, la goleadora mexicana buscar\u00e1 conseguir su objetivo: hacer su mejor <strong>Mundial<\/strong> y superar la fase de grupos, objetivo trazado por el seleccionador Leonardo Cu\u00e9llar: \u201cEsta selecci\u00f3n tiene grandes cualidades, hay mucho talento, mucha juventud con mucha experiencia porque la mayor\u00eda ya tenemos mundiales encima\u201d. Por ello, asegura: \u201cPodemos hacer un gran equipo\u201d.<\/p>\n<p><a href=\"http:\/\/futboltotal.com.mx\/wp-content\/uploads\/2015\/06\/frase_charlyn_corral.jpg\"><img decoding=\"async\" loading=\"lazy\" class=\"aligncenter wp-image-283983 size-full\" src=\"http:\/\/futboltotal.com.mx\/wp-content\/uploads\/2015\/06\/frase_charlyn_corral.jpg\" alt=\"frase_charlyn_corral\" srcset=\"http:\/\/desarrollo.grupomedios.com\/futbol\/wp-content\/uploads\/2015\/06\/frase_charlyn_corral.jpg 700w, http:\/\/desarrollo.grupomedios.com\/futbol\/wp-content\/uploads\/2015\/06\/frase_charlyn_corral-300x234.jpg 300w\" sizes=\"(max-width: 700px) 100vw, 700px\" \/><\/a><\/p>\n","protected":false},"excerpt":{"rendered":"<p>A sus 23 a\u00f1os, cuenta con ampl\u00eda experiencia para echarse al hombro al Tri Femenil<\/p>\n","protected":false},"author":20,"featured_media":283976,"comment_status":"open","ping_status":"open","sticky":false,"template":"","format":"standard","meta":[],"categories":[2198,3847],"tags":[4008,65,4501,596],"_links":{"self":[{"href":"http:\/\/desarrollo.grupomedios.com\/futbol\/wp-json\/wp\/v2\/posts\/283975"}],"collection":[{"href":"http:\/\/desarrollo.grupomedios.com\/futbol\/wp-json\/wp\/v2\/posts"}],"about":[{"href":"http:\/\/desarrollo.grupomedios.com\/futbol\/wp-json\/wp\/v2\/types\/post"}],"author":[{"embeddable":true,"href":"http:\/\/desarrollo.grupomedios.com\/futbol\/wp-json\/wp\/v2\/users\/20"}],"replies":[{"embeddable":true,"href":"http:\/\/desarrollo.grupomedios.com\/futbol\/wp-json\/wp\/v2\/comments?post=283975"}],"version-history":[{"count":0,"href":"http:\/\/desarrollo.grupomedios.com\/futbol\/wp-json\/wp\/v2\/posts\/283975\/revisions"}],"wp:featuredmedia":[{"embeddable":true,"href":"http:\/\/desarrollo.grupomedios.com\/futbol\/wp-json\/wp\/v2\/media\/283976"}],"wp:attachment":[{"href":"http:\/\/desarrollo.grupomedios.com\/futbol\/wp-json\/wp\/v2\/media?parent=283975"}],"wp:term":[{"taxonomy":"category","embeddable":true,"href":"http:\/\/desarrollo.grupomedios.com\/futbol\/wp-json\/wp\/v2\/categories?post=283975"},{"taxonomy":"post_tag","embeddable":true,"href":"http:\/\/desarrollo.grupomedios.com\/futbol\/wp-json\/wp\/v2\/tags?post=283975"}],"curies":[{"name":"wp","href":"https:\/\/api.w.org\/{rel}","templated":true}]}}