{"id":283985,"date":"2015-06-09T10:52:59","date_gmt":"2015-06-09T15:52:59","guid":{"rendered":"http:\/\/futboltotal.com.mx\/?p=283985"},"modified":"2015-06-09T10:54:20","modified_gmt":"2015-06-09T15:54:20","slug":"la-nueva-camiseta-de-la-roma","status":"publish","type":"post","link":"http:\/\/desarrollo.grupomedios.com\/futbol\/futbol-internacional\/la-nueva-camiseta-de-la-roma\/2015\/06","title":{"rendered":"La nueva camiseta de la Roma"},"content":{"rendered":"<p>La <strong>Roma<\/strong> expuso la que ser\u00e1 su nueva camiseta como local, la cual permanece con <strong>Nike<\/strong> y est\u00e1 inspirada en la poderosa cultura de la capital italiana.<\/p>\n<p>De acuerdo a Nike, la llamativa indumentaria refleja la creciente confianza del club, as\u00ed como el respeto que los inspira equipo entre los rivales. Inspir\u00e1ndose en la armadura usada por los soldados romanos, la indumentaria con la que recibir\u00e1n en el Estadio Ol\u00edmpico.<\/p>\n<blockquote class=\"twitter-tweet\" lang=\"es\">\n<p dir=\"ltr\" lang=\"it\">Esclusivo: l&#8217;<a href=\"https:\/\/twitter.com\/hashtag\/ASRoma?src=hash\">#ASRoma<\/a> svela la nuova divisa Nike per la stagione 2015-16 <a href=\"http:\/\/t.co\/jbNsHyfuGJ\">http:\/\/t.co\/jbNsHyfuGJ<\/a> <a href=\"http:\/\/t.co\/lJ7ALRNVOe\">pic.twitter.com\/lJ7ALRNVOe<\/a><\/p>\n<p>\u2014 AS Roma (@OfficialASRoma) <a href=\"https:\/\/twitter.com\/OfficialASRoma\/status\/608183006654812160\">junio 9, 2015<\/a><\/p><\/blockquote>\n<p><script src=\"\/\/platform.twitter.com\/widgets.js\" async=\"\" charset=\"utf-8\"><\/script><\/p>\n<p>La cl\u00e1sica tonalidad en vino contar\u00e1 con un cuello redondo en detalle naranja y con una peque\u00f1a fractura por el frente recordando a los guerreros romanos que defend\u00edan la ciudad hace m\u00e1s de 200 a\u00f1os. Adem\u00e1s, la tonalidad cambia en la parte de los hombros con un tono vino m\u00e1s intenso.<\/p>\n<p>Por primera vez, los n\u00fameros en la parte posterior de la camisa de la Roma contienen una impresi\u00f3n con homenaje gr\u00e1fico a las maravillas de la capital italiana: joyas arquitect\u00f3nicos, antiguas calles y vecindarios vibrantes, que ilustra el fuerte v\u00ednculo entre el club, la ciudad y los aficionados.<\/p>\n<p><a href=\"http:\/\/futboltotal.com.mx\/wp-content\/uploads\/2015\/06\/Nueva-camiseta-de-la-Roma.jpg\"><img decoding=\"async\" loading=\"lazy\" class=\"alignnone size-full wp-image-283989\" src=\"http:\/\/futboltotal.com.mx\/wp-content\/uploads\/2015\/06\/Nueva-camiseta-de-la-Roma.jpg\" alt=\"Nueva camiseta de la Roma\" srcset=\"http:\/\/desarrollo.grupomedios.com\/futbol\/wp-content\/uploads\/2015\/06\/Nueva-camiseta-de-la-Roma.jpg 644w, http:\/\/desarrollo.grupomedios.com\/futbol\/wp-content\/uploads\/2015\/06\/Nueva-camiseta-de-la-Roma-300x241.jpg 300w\" sizes=\"(max-width: 644px) 100vw, 644px\" \/><\/a><\/p>\n<p><a href=\"http:\/\/futboltotal.com.mx\/wp-content\/uploads\/2015\/06\/Nueva-camiseta-de-la-Roma-2.jpg\"><img decoding=\"async\" loading=\"lazy\" class=\"alignnone size-full wp-image-283990\" src=\"http:\/\/futboltotal.com.mx\/wp-content\/uploads\/2015\/06\/Nueva-camiseta-de-la-Roma-2.jpg\" alt=\"Nueva camiseta de la Roma 2\" srcset=\"http:\/\/desarrollo.grupomedios.com\/futbol\/wp-content\/uploads\/2015\/06\/Nueva-camiseta-de-la-Roma-2.jpg 638w, http:\/\/desarrollo.grupomedios.com\/futbol\/wp-content\/uploads\/2015\/06\/Nueva-camiseta-de-la-Roma-2-253x300.jpg 253w\" sizes=\"(max-width: 638px) 100vw, 638px\" \/><\/a><\/p>\n<p><a href=\"http:\/\/futboltotal.com.mx\/wp-content\/uploads\/2015\/06\/Nueva-camiseta-de-la-Roma-3.jpg\"><img decoding=\"async\" loading=\"lazy\" class=\"alignnone size-full wp-image-283991\" src=\"http:\/\/futboltotal.com.mx\/wp-content\/uploads\/2015\/06\/Nueva-camiseta-de-la-Roma-3.jpg\" alt=\"Nueva camiseta de la Roma 3\" srcset=\"http:\/\/desarrollo.grupomedios.com\/futbol\/wp-content\/uploads\/2015\/06\/Nueva-camiseta-de-la-Roma-3.jpg 650w, http:\/\/desarrollo.grupomedios.com\/futbol\/wp-content\/uploads\/2015\/06\/Nueva-camiseta-de-la-Roma-3-300x237.jpg 300w\" sizes=\"(max-width: 650px) 100vw, 650px\" \/><\/a><\/p>\n","protected":false},"excerpt":{"rendered":"<p>Totti vestir\u00e1 por vig\u00e9simo cuarta temporada la el\u00e1stica de sus amores <\/p>\n","protected":false},"author":20,"featured_media":283988,"comment_status":"open","ping_status":"open","sticky":false,"template":"","format":"standard","meta":[],"categories":[3839,3848],"tags":[320,5958,3472],"_links":{"self":[{"href":"http:\/\/desarrollo.grupomedios.com\/futbol\/wp-json\/wp\/v2\/posts\/283985"}],"collection":[{"href":"http:\/\/desarrollo.grupomedios.com\/futbol\/wp-json\/wp\/v2\/posts"}],"about":[{"href":"http:\/\/desarrollo.grupomedios.com\/futbol\/wp-json\/wp\/v2\/types\/post"}],"author":[{"embeddable":true,"href":"http:\/\/desarrollo.grupomedios.com\/futbol\/wp-json\/wp\/v2\/users\/20"}],"replies":[{"embeddable":true,"href":"http:\/\/desarrollo.grupomedios.com\/futbol\/wp-json\/wp\/v2\/comments?post=283985"}],"version-history":[{"count":0,"href":"http:\/\/desarrollo.grupomedios.com\/futbol\/wp-json\/wp\/v2\/posts\/283985\/revisions"}],"wp:featuredmedia":[{"embeddable":true,"href":"http:\/\/desarrollo.grupomedios.com\/futbol\/wp-json\/wp\/v2\/media\/283988"}],"wp:attachment":[{"href":"http:\/\/desarrollo.grupomedios.com\/futbol\/wp-json\/wp\/v2\/media?parent=283985"}],"wp:term":[{"taxonomy":"category","embeddable":true,"href":"http:\/\/desarrollo.grupomedios.com\/futbol\/wp-json\/wp\/v2\/categories?post=283985"},{"taxonomy":"post_tag","embeddable":true,"href":"http:\/\/desarrollo.grupomedios.com\/futbol\/wp-json\/wp\/v2\/tags?post=283985"}],"curies":[{"name":"wp","href":"https:\/\/api.w.org\/{rel}","templated":true}]}}