{"id":284033,"date":"2015-06-09T13:33:53","date_gmt":"2015-06-09T18:33:53","guid":{"rendered":"http:\/\/futboltotal.com.mx\/?p=284033"},"modified":"2015-06-09T14:11:59","modified_gmt":"2015-06-09T19:11:59","slug":"xavi-hernandez-homenajeado-en-fifa-15","status":"publish","type":"post","link":"http:\/\/desarrollo.grupomedios.com\/futbol\/videos\/xavi-hernandez-homenajeado-en-fifa-15\/2015\/06","title":{"rendered":"Xavi Hern\u00e1ndez, homenajeado en FIFA 15"},"content":{"rendered":"<p>La legendaria carrera de <strong>Xavi Hern\u00e1ndez<\/strong> en el <strong>Barcelona<\/strong> no solo tiene como recuerdo 25 t\u00edtulos oficiales en 17 temporadas, sino tambi\u00e9n ha ganado un espacio en el mundo virtual, donde un aficionado recopil\u00f3 los mejores goles y movimientos del m\u00edtico seis <em>blaugrana<\/em>, as\u00ed como las frases que le dedicaron algunos cracks del futbol mundial en el <strong>FIFA 15<\/strong>.<\/p>\n<p><iframe loading=\"lazy\" src=\"https:\/\/www.youtube.com\/embed\/H9XUlloy_30\" frameborder=\"0\" allowfullscreen=\"allowfullscreen\"><\/iframe><\/p>\n","protected":false},"excerpt":{"rendered":"<p>Recopilan los movimientos m\u00e1s el\u00e9ctricos y los elogios que ha recibido de otros cracks <\/p>\n","protected":false},"author":20,"featured_media":284038,"comment_status":"open","ping_status":"open","sticky":false,"template":"","format":"standard","meta":[],"categories":[3839,4],"tags":[5984,1726],"_links":{"self":[{"href":"http:\/\/desarrollo.grupomedios.com\/futbol\/wp-json\/wp\/v2\/posts\/284033"}],"collection":[{"href":"http:\/\/desarrollo.grupomedios.com\/futbol\/wp-json\/wp\/v2\/posts"}],"about":[{"href":"http:\/\/desarrollo.grupomedios.com\/futbol\/wp-json\/wp\/v2\/types\/post"}],"author":[{"embeddable":true,"href":"http:\/\/desarrollo.grupomedios.com\/futbol\/wp-json\/wp\/v2\/users\/20"}],"replies":[{"embeddable":true,"href":"http:\/\/desarrollo.grupomedios.com\/futbol\/wp-json\/wp\/v2\/comments?post=284033"}],"version-history":[{"count":0,"href":"http:\/\/desarrollo.grupomedios.com\/futbol\/wp-json\/wp\/v2\/posts\/284033\/revisions"}],"wp:featuredmedia":[{"embeddable":true,"href":"http:\/\/desarrollo.grupomedios.com\/futbol\/wp-json\/wp\/v2\/media\/284038"}],"wp:attachment":[{"href":"http:\/\/desarrollo.grupomedios.com\/futbol\/wp-json\/wp\/v2\/media?parent=284033"}],"wp:term":[{"taxonomy":"category","embeddable":true,"href":"http:\/\/desarrollo.grupomedios.com\/futbol\/wp-json\/wp\/v2\/categories?post=284033"},{"taxonomy":"post_tag","embeddable":true,"href":"http:\/\/desarrollo.grupomedios.com\/futbol\/wp-json\/wp\/v2\/tags?post=284033"}],"curies":[{"name":"wp","href":"https:\/\/api.w.org\/{rel}","templated":true}]}}