{"id":284128,"date":"2015-06-16T13:34:37","date_gmt":"2015-06-16T18:34:37","guid":{"rendered":"http:\/\/futboltotal.com.mx\/?p=284128"},"modified":"2015-06-16T14:11:32","modified_gmt":"2015-06-16T19:11:32","slug":"los-10-futbolistas-mas-caros-en-la-copa-america","status":"publish","type":"post","link":"http:\/\/desarrollo.grupomedios.com\/futbol\/videos\/los-10-futbolistas-mas-caros-en-la-copa-america\/2015\/06","title":{"rendered":"10 futbolistas m\u00e1s caros en Copa Am\u00e9rica"},"content":{"rendered":"<p>La <strong>Copa Am\u00e9rica<\/strong>\u00a0<strong>2015<\/strong> arrancar\u00e1 este jueves con el encuentro entre el anfitri\u00f3n <strong>Chile<\/strong> ante Ecuador, en un duelo entre combinados que jam\u00e1s han sido campeones, pero que en el caso del local, cuenta con su oportunidad dorada, al contar con la mejor generaci\u00f3n de su historia con futbolistas excelentemente valorados como <strong>Alexis S\u00e1nchez<\/strong> y <strong>Arturo Vidal<\/strong>, los cuales se ubican entre los <strong>10 futbolistas m\u00e1s caros<\/strong> del certamen sudamericano.<\/p>\n<p>Tantos <em>cracks<\/em> reunidos hacen pensar en que ser\u00e1 una de las mejores competencias en la historia de este muy a\u00f1ejo torneo. De hecho, en la lista a repasar, solo una decena de los mejores futbolistas en el orbe acumulan en su valor 597 millones de euros.<\/p>\n<p>[video_player]http:\/\/player.vimeo.com\/external\/130271722.hd.mp4?s=9e18e7acac34d7ed34e4534834b23794&amp;profile_id=113[\/video_player]<\/p>\n<p>Jugadores considerados de otro planeta como <strong>Lionel Messi<\/strong> o \u00eddolos de todo un pa\u00eds como <strong>James Rodr\u00edguez<\/strong>, son solo algunos de los ejemplos del gran talento que se dar\u00e1 cita en la Copa Am\u00e9rica.<\/p>\n","protected":false},"excerpt":{"rendered":"<p>597 millones de euros se acumulan entre los mejores cracks de Sudam\u00e9rica<\/p>\n","protected":false},"author":20,"featured_media":284130,"comment_status":"open","ping_status":"open","sticky":false,"template":"","format":"standard","meta":[],"categories":[3839,3844,4],"tags":[2130],"_links":{"self":[{"href":"http:\/\/desarrollo.grupomedios.com\/futbol\/wp-json\/wp\/v2\/posts\/284128"}],"collection":[{"href":"http:\/\/desarrollo.grupomedios.com\/futbol\/wp-json\/wp\/v2\/posts"}],"about":[{"href":"http:\/\/desarrollo.grupomedios.com\/futbol\/wp-json\/wp\/v2\/types\/post"}],"author":[{"embeddable":true,"href":"http:\/\/desarrollo.grupomedios.com\/futbol\/wp-json\/wp\/v2\/users\/20"}],"replies":[{"embeddable":true,"href":"http:\/\/desarrollo.grupomedios.com\/futbol\/wp-json\/wp\/v2\/comments?post=284128"}],"version-history":[{"count":0,"href":"http:\/\/desarrollo.grupomedios.com\/futbol\/wp-json\/wp\/v2\/posts\/284128\/revisions"}],"wp:featuredmedia":[{"embeddable":true,"href":"http:\/\/desarrollo.grupomedios.com\/futbol\/wp-json\/wp\/v2\/media\/284130"}],"wp:attachment":[{"href":"http:\/\/desarrollo.grupomedios.com\/futbol\/wp-json\/wp\/v2\/media?parent=284128"}],"wp:term":[{"taxonomy":"category","embeddable":true,"href":"http:\/\/desarrollo.grupomedios.com\/futbol\/wp-json\/wp\/v2\/categories?post=284128"},{"taxonomy":"post_tag","embeddable":true,"href":"http:\/\/desarrollo.grupomedios.com\/futbol\/wp-json\/wp\/v2\/tags?post=284128"}],"curies":[{"name":"wp","href":"https:\/\/api.w.org\/{rel}","templated":true}]}}