{"id":284157,"date":"2015-06-09T19:43:01","date_gmt":"2015-06-10T00:43:01","guid":{"rendered":"http:\/\/futboltotal.com.mx\/?p=284157"},"modified":"2015-06-09T19:43:01","modified_gmt":"2015-06-10T00:43:01","slug":"donde-terminara-el-bofo-bautista","status":"publish","type":"post","link":"http:\/\/desarrollo.grupomedios.com\/futbol\/futbol-mexicano\/donde-terminara-el-bofo-bautista\/2015\/06","title":{"rendered":"\u00bfD\u00f3nde terminar\u00e1 el Bofo Bautista?"},"content":{"rendered":"<p>A sus 36 a\u00f1os de edad, <strong>Adolfo Bautista<\/strong> tendr\u00e1 que buscar acomodo en el futbol mexicano, pues encabeza la <strong>lista de transferibles<\/strong> de <strong>Coras Tepic<\/strong>.<\/p>\n<p>Aunque fue uno de los elementos m\u00e1s importantes de la escuadra, el t\u00e9cnico Mauro Camoranes\u00ed no ve al atacante en su plantel para el Apertura 2015. En el listado tambi\u00e9n figuran otros 11 elementos.<\/p>\n<p><a href=\"http:\/\/futboltotal.com.mx\/wp-content\/uploads\/2015\/06\/bofo-bautista-transferible-en-coras-tepic.jpg\"><img decoding=\"async\" loading=\"lazy\" class=\"alignnone wp-image-284163\" src=\"http:\/\/futboltotal.com.mx\/wp-content\/uploads\/2015\/06\/bofo-bautista-transferible-en-coras-tepic.jpg\" alt=\"bofo bautista transferible en coras tepic\" srcset=\"http:\/\/desarrollo.grupomedios.com\/futbol\/wp-content\/uploads\/2015\/06\/bofo-bautista-transferible-en-coras-tepic.jpg 480w, http:\/\/desarrollo.grupomedios.com\/futbol\/wp-content\/uploads\/2015\/06\/bofo-bautista-transferible-en-coras-tepic-282x300.jpg 282w\" sizes=\"(max-width: 500px) 100vw, 500px\" \/><\/a><\/p>\n<p>En caso de pensar en el retiro, esta ser\u00eda la perfecta oportunidad del <strong><em>Bofo<\/em> Bautista<\/strong> para regresar a Chivas, dicha opci\u00f3n no ser\u00eda nueva porque en diciembre pasado tanto el jugador como la directiva <em>rojiblanca<\/em> hablaron de la posibilidad de que el atacante vistiera una vez m\u00e1s la camiseta tapat\u00eda.<\/p>\n<p>\u00bfTe gustar\u00eda que regrese el <strong><em>Bofo<\/em> Bautista<\/strong> a Chivas?<\/p>\n","protected":false},"excerpt":{"rendered":"<p>El atacante encabeza los transferibles de Coras Tepic<\/p>\n","protected":false},"author":20,"featured_media":284160,"comment_status":"open","ping_status":"open","sticky":false,"template":"","format":"standard","meta":[],"categories":[3843,2198],"tags":[5512,70,5513],"_links":{"self":[{"href":"http:\/\/desarrollo.grupomedios.com\/futbol\/wp-json\/wp\/v2\/posts\/284157"}],"collection":[{"href":"http:\/\/desarrollo.grupomedios.com\/futbol\/wp-json\/wp\/v2\/posts"}],"about":[{"href":"http:\/\/desarrollo.grupomedios.com\/futbol\/wp-json\/wp\/v2\/types\/post"}],"author":[{"embeddable":true,"href":"http:\/\/desarrollo.grupomedios.com\/futbol\/wp-json\/wp\/v2\/users\/20"}],"replies":[{"embeddable":true,"href":"http:\/\/desarrollo.grupomedios.com\/futbol\/wp-json\/wp\/v2\/comments?post=284157"}],"version-history":[{"count":0,"href":"http:\/\/desarrollo.grupomedios.com\/futbol\/wp-json\/wp\/v2\/posts\/284157\/revisions"}],"wp:featuredmedia":[{"embeddable":true,"href":"http:\/\/desarrollo.grupomedios.com\/futbol\/wp-json\/wp\/v2\/media\/284160"}],"wp:attachment":[{"href":"http:\/\/desarrollo.grupomedios.com\/futbol\/wp-json\/wp\/v2\/media?parent=284157"}],"wp:term":[{"taxonomy":"category","embeddable":true,"href":"http:\/\/desarrollo.grupomedios.com\/futbol\/wp-json\/wp\/v2\/categories?post=284157"},{"taxonomy":"post_tag","embeddable":true,"href":"http:\/\/desarrollo.grupomedios.com\/futbol\/wp-json\/wp\/v2\/tags?post=284157"}],"curies":[{"name":"wp","href":"https:\/\/api.w.org\/{rel}","templated":true}]}}