{"id":284169,"date":"2015-06-09T20:11:59","date_gmt":"2015-06-10T01:11:59","guid":{"rendered":"http:\/\/futboltotal.com.mx\/?p=284169"},"modified":"2015-06-09T20:12:19","modified_gmt":"2015-06-10T01:12:19","slug":"conductoras-se-desnudaran-por-venezuela","status":"publish","type":"post","link":"http:\/\/desarrollo.grupomedios.com\/futbol\/videos\/conductoras-se-desnudaran-por-venezuela\/2015\/06","title":{"rendered":"Conductoras se desnudar\u00e1n por Venezuela"},"content":{"rendered":"<p>Las conductoras del noticiero web <strong>Desnudando La Noticia<\/strong> (DLN), de <strong>Venezuela<\/strong>, publicaron un candente video donde anuncian que realizar\u00e1n un desnudo colectivo cada que su selecci\u00f3n avance de fase en la <strong>Copa Am\u00e9rica Chile 2015<\/strong>.<\/p>\n<p>Adem\u00e1s, las 11 <strong>chicas venezolanas<\/strong> lanzaron un reto a los aficionados\u00a0en Latinoamerica: \u201cQueremos saber, \u00bfcu\u00e1ntos fan\u00e1ticos de Latinoam\u00e9rica est\u00e1n dispuestos a mostrar su amor por la camiseta\u201d, sentenciaron.<\/p>\n<p><iframe loading=\"lazy\" src=\"https:\/\/www.youtube.com\/embed\/HtiIktUsOpU\" frameborder=\"0\" allowfullscreen=\"allowfullscreen\"><\/iframe><\/p>\n","protected":false},"excerpt":{"rendered":"<p>Lo har\u00e1n cada que la Vinotinto avance de fase en la Copa Am\u00e9rica<\/p>\n","protected":false},"author":20,"featured_media":284173,"comment_status":"open","ping_status":"open","sticky":false,"template":"","format":"standard","meta":[],"categories":[4],"tags":[2130,633],"_links":{"self":[{"href":"http:\/\/desarrollo.grupomedios.com\/futbol\/wp-json\/wp\/v2\/posts\/284169"}],"collection":[{"href":"http:\/\/desarrollo.grupomedios.com\/futbol\/wp-json\/wp\/v2\/posts"}],"about":[{"href":"http:\/\/desarrollo.grupomedios.com\/futbol\/wp-json\/wp\/v2\/types\/post"}],"author":[{"embeddable":true,"href":"http:\/\/desarrollo.grupomedios.com\/futbol\/wp-json\/wp\/v2\/users\/20"}],"replies":[{"embeddable":true,"href":"http:\/\/desarrollo.grupomedios.com\/futbol\/wp-json\/wp\/v2\/comments?post=284169"}],"version-history":[{"count":0,"href":"http:\/\/desarrollo.grupomedios.com\/futbol\/wp-json\/wp\/v2\/posts\/284169\/revisions"}],"wp:featuredmedia":[{"embeddable":true,"href":"http:\/\/desarrollo.grupomedios.com\/futbol\/wp-json\/wp\/v2\/media\/284173"}],"wp:attachment":[{"href":"http:\/\/desarrollo.grupomedios.com\/futbol\/wp-json\/wp\/v2\/media?parent=284169"}],"wp:term":[{"taxonomy":"category","embeddable":true,"href":"http:\/\/desarrollo.grupomedios.com\/futbol\/wp-json\/wp\/v2\/categories?post=284169"},{"taxonomy":"post_tag","embeddable":true,"href":"http:\/\/desarrollo.grupomedios.com\/futbol\/wp-json\/wp\/v2\/tags?post=284169"}],"curies":[{"name":"wp","href":"https:\/\/api.w.org\/{rel}","templated":true}]}}