{"id":284184,"date":"2015-06-09T21:28:43","date_gmt":"2015-06-10T02:28:43","guid":{"rendered":"http:\/\/futboltotal.com.mx\/?p=284184"},"modified":"2015-06-09T21:44:01","modified_gmt":"2015-06-10T02:44:01","slug":"los-fichajes-mas-caros-en-la-historia-del-draft","status":"publish","type":"post","link":"http:\/\/desarrollo.grupomedios.com\/futbol\/futbol-mexicano\/los-fichajes-mas-caros-en-la-historia-del-draft\/2015\/06","title":{"rendered":"Los 10 fichajes m\u00e1s caros en la historia del Draft"},"content":{"rendered":"<p>Este mi\u00e9rcoles arranca una nueva edici\u00f3n del <strong>R\u00e9gimen de Transferencias<\/strong> de la <strong>Liga MX<\/strong>. Y las 18 escuadra que confirmar\u00e1n el m\u00e1ximo circuito del balompi\u00e9 mexicano buscar\u00e1n en el <strong>Draft<\/strong> a los mejores jugadores para reforzar sus plantillas rumbo al <strong>Clausura 2015<\/strong>.<\/p>\n<p>\u00bfQui\u00e9n ser\u00e1 la escuadra que se despach\u00e9 con la contrataci\u00f3n m\u00e1s costosa del <strong>R\u00e9gimen de Transferencias<\/strong>? A saber. Lo que si se sabe son los 10 fichajes mas caros en las historia del <strong>Draft<\/strong>.<\/p>\n<p>En ese sentido, destacan las <em>\u00c1guilas<\/em> del <strong>Am\u00e9rica<\/strong>, equipo que presume las tres contrataciones m\u00e1s costosas. Sin embargo, m\u00e1s notable resulta que esas compras fueron hechas al mismo equipo: Santos Laguna.<\/p>\n<p>A continuaci\u00f3n, los <strong>fichajes m\u00e1s caros en la historia del Draft<\/strong>:<\/p>\n<p>1 | <span style=\"color: #ff0000;\"><strong>Darwin Quintero<\/strong><\/span> (2014) | <strong>18 millones de d\u00f3lares<\/strong><\/p>\n<p>Pas\u00f3 de Santos Laguna al Am\u00e9rica.<\/p>\n<p>2 | <span style=\"color: #ff0000;\"><strong>Oribe Peralta<\/strong><\/span> (2014) | <strong>10 millones de d\u00f3lares<\/strong><\/p>\n<p>Pas\u00f3 de Santos Laguna al Am\u00e9rica.<\/p>\n<p>3 | <strong><span style=\"color: #ff0000;\">Christian Ben\u00edtez<\/span><\/strong> (2011) | <strong>10 millones de d\u00f3lares<\/strong><\/p>\n<p>Pas\u00f3 de Santos Laguna al Am\u00e9rica.<\/p>\n<p>4 | Christian Gim\u00e9nez (2009) | 5 millones de d\u00f3lares<\/p>\n<p>Pas\u00f3 de Pachuca a Cruz Azul<\/p>\n<p>5 | Salvador Caba\u00f1as (2006) | 5 millones de d\u00f3lares<\/p>\n<p>Pas\u00f3 de Jaguares\u00a0de Chiapas al Am\u00e9rica.<\/p>\n<p>6 | Vicente Mat\u00edas Vuoso (2006) | 5 millones de d\u00f3lares<\/p>\n<p>Pas\u00f3 de Santos Laguna al Am\u00e9rica.<\/p>\n<p>7 | Dami\u00e1n \u00c1lvarez (2010) | 4.8 millones de d\u00f3lares<\/p>\n<p>Pas\u00f3 de\u00a0Pachuca a Tigres<\/p>\n<p>8 | Jos\u00e9 de Jes\u00fas Corona (2009) | 4 millones de d\u00f3lares<\/p>\n<p>Pas\u00f3 de Tecos al Cruz Azul.<\/p>\n<p>9 | Israel Castro (2011) | 4 millones de d\u00f3lares<\/p>\n<p>Pas\u00f3 de\u00a0Pumas al\u00a0Cruz Azul.<\/p>\n<p>10 | Christian Berm\u00fadez (2011) | 4 millones de d\u00f3lares<\/p>\n<p>Pas\u00f3 de Atlante\u00a0al Am\u00e9rica.<\/p>\n","protected":false},"excerpt":{"rendered":"<p>Am\u00e9rica presume seis de las 10 contrataciones m\u00e1s costosas<\/p>\n","protected":false},"author":20,"featured_media":284185,"comment_status":"open","ping_status":"open","sticky":false,"template":"","format":"standard","meta":[],"categories":[2198,3845],"tags":[3749],"_links":{"self":[{"href":"http:\/\/desarrollo.grupomedios.com\/futbol\/wp-json\/wp\/v2\/posts\/284184"}],"collection":[{"href":"http:\/\/desarrollo.grupomedios.com\/futbol\/wp-json\/wp\/v2\/posts"}],"about":[{"href":"http:\/\/desarrollo.grupomedios.com\/futbol\/wp-json\/wp\/v2\/types\/post"}],"author":[{"embeddable":true,"href":"http:\/\/desarrollo.grupomedios.com\/futbol\/wp-json\/wp\/v2\/users\/20"}],"replies":[{"embeddable":true,"href":"http:\/\/desarrollo.grupomedios.com\/futbol\/wp-json\/wp\/v2\/comments?post=284184"}],"version-history":[{"count":0,"href":"http:\/\/desarrollo.grupomedios.com\/futbol\/wp-json\/wp\/v2\/posts\/284184\/revisions"}],"wp:featuredmedia":[{"embeddable":true,"href":"http:\/\/desarrollo.grupomedios.com\/futbol\/wp-json\/wp\/v2\/media\/284185"}],"wp:attachment":[{"href":"http:\/\/desarrollo.grupomedios.com\/futbol\/wp-json\/wp\/v2\/media?parent=284184"}],"wp:term":[{"taxonomy":"category","embeddable":true,"href":"http:\/\/desarrollo.grupomedios.com\/futbol\/wp-json\/wp\/v2\/categories?post=284184"},{"taxonomy":"post_tag","embeddable":true,"href":"http:\/\/desarrollo.grupomedios.com\/futbol\/wp-json\/wp\/v2\/tags?post=284184"}],"curies":[{"name":"wp","href":"https:\/\/api.w.org\/{rel}","templated":true}]}}