{"id":284338,"date":"2015-06-10T13:53:00","date_gmt":"2015-06-10T18:53:00","guid":{"rendered":"http:\/\/futboltotal.com.mx\/?p=284338"},"modified":"2015-06-10T13:53:00","modified_gmt":"2015-06-10T18:53:00","slug":"chaco-gimenez-renueva-con-cruz-azul","status":"publish","type":"post","link":"http:\/\/desarrollo.grupomedios.com\/futbol\/futbol-mexicano\/chaco-gimenez-renueva-con-cruz-azul\/2015\/06","title":{"rendered":"Chaco Gim\u00e9nez renueva con Cruz Azul"},"content":{"rendered":"<p>Luego de los rumores que pon\u00edan al <strong>Chaco Gim\u00e9nez<\/strong> fuera de <strong>Cruz Azul,<\/strong> se confirm\u00f3 que el ya naturalizado mexicano renov\u00f3 contrato con el equipo, mismo que ser\u00eda por un a\u00f1o.<\/p>\n<p><strong>Chaco Gim\u00e9nez<\/strong> ten\u00eda seis meses m\u00e1s de contrato con <a href=\"http:\/\/futboltotal.com.mx\/equipos\/cruz-azul\/\" target=\"_blank\"><strong>Cruz Azul<\/strong>.<\/a> Desde hace un a\u00f1o Pachuca buscaba sus servicios, pero el jugador decidi\u00f3 continuar su carrera con los cementeros.<\/p>\n<p>Hace d\u00edas, Agust\u00edn Manzo, director deportivo de<em> La M\u00e1quina<\/em> indic\u00f3 que <strong>Chaco Gim\u00e9nez<\/strong> era uno de los futbolistas intransferibles en el club, al igual que Gerardo Torrado y Jos\u00e9 de Jes\u00fas Corona, de quien se dice se retirar\u00e1 en en esta instituci\u00f3n.<\/p>\n<p><strong>Gim\u00e9nez<\/strong> lleg\u00f3 a <strong>Cruz Azul<\/strong> para el Clausura 2010 y desde ah\u00ed se convirti\u00f3 en un \u00eddolo del equipo. Suma 11 torneos cortos, donde ha marcado 47 goles.<\/p>\n<p><a href=\"http:\/\/futboltotal.com.mx\/2015\/06\/sigue-el-draft-en-vivo-de-la-liga-mx\/\" target=\"_blank\"><strong>SIGUE MINUTO A MINUTO EL DRAFT DE LA LIGA MX | APERTURA 2015\u00a0<\/strong><\/a><\/p>\n","protected":false},"excerpt":{"rendered":"<p>Se confirma que el jugador se mantiene con La M\u00e1quina<\/p>\n","protected":false},"author":20,"featured_media":284352,"comment_status":"open","ping_status":"open","sticky":false,"template":"","format":"standard","meta":[],"categories":[2198,3845],"tags":[368,5962,3749],"_links":{"self":[{"href":"http:\/\/desarrollo.grupomedios.com\/futbol\/wp-json\/wp\/v2\/posts\/284338"}],"collection":[{"href":"http:\/\/desarrollo.grupomedios.com\/futbol\/wp-json\/wp\/v2\/posts"}],"about":[{"href":"http:\/\/desarrollo.grupomedios.com\/futbol\/wp-json\/wp\/v2\/types\/post"}],"author":[{"embeddable":true,"href":"http:\/\/desarrollo.grupomedios.com\/futbol\/wp-json\/wp\/v2\/users\/20"}],"replies":[{"embeddable":true,"href":"http:\/\/desarrollo.grupomedios.com\/futbol\/wp-json\/wp\/v2\/comments?post=284338"}],"version-history":[{"count":0,"href":"http:\/\/desarrollo.grupomedios.com\/futbol\/wp-json\/wp\/v2\/posts\/284338\/revisions"}],"wp:featuredmedia":[{"embeddable":true,"href":"http:\/\/desarrollo.grupomedios.com\/futbol\/wp-json\/wp\/v2\/media\/284352"}],"wp:attachment":[{"href":"http:\/\/desarrollo.grupomedios.com\/futbol\/wp-json\/wp\/v2\/media?parent=284338"}],"wp:term":[{"taxonomy":"category","embeddable":true,"href":"http:\/\/desarrollo.grupomedios.com\/futbol\/wp-json\/wp\/v2\/categories?post=284338"},{"taxonomy":"post_tag","embeddable":true,"href":"http:\/\/desarrollo.grupomedios.com\/futbol\/wp-json\/wp\/v2\/tags?post=284338"}],"curies":[{"name":"wp","href":"https:\/\/api.w.org\/{rel}","templated":true}]}}