{"id":284417,"date":"2015-06-10T16:07:38","date_gmt":"2015-06-10T21:07:38","guid":{"rendered":"http:\/\/futboltotal.com.mx\/?p=284417"},"modified":"2015-06-10T16:07:38","modified_gmt":"2015-06-10T21:07:38","slug":"sergio-garcia-en-la-mira-de-cruz-azul","status":"publish","type":"post","link":"http:\/\/desarrollo.grupomedios.com\/futbol\/futbol-mexicano\/sergio-garcia-en-la-mira-de-cruz-azul\/2015\/06","title":{"rendered":"Sergio Garc\u00eda, en la mira de Cruz Azul"},"content":{"rendered":"<p><strong>Cruz Azul<\/strong> busca muchos refuerzos de cara al<strong> Apertura 2015<\/strong> de la <a href=\"http:\/\/futboltotal.com.mx\/futbol-mexicano\/liga-mx\/\" target=\"_blank\"><strong>Liga MX<\/strong><\/a>, motivo por el cual pretende dar un golpe de autoridad y contratar al delantero espa\u00f1ol, <strong>Sergio Garc\u00eda.<\/strong><\/p>\n<p>Reportes desde Canc\u00fan, <a href=\"http:\/\/futboltotal.com.mx\/2015\/06\/sigue-el-draft-en-vivo-de-la-liga-mx\/\" target=\"_blank\">sede del <strong>Draft<\/strong>, i<\/a>ndican que Sergio Bueno acept\u00f3 el inter\u00e9s por el atacante. Se dice que <em>La M\u00e1quina<\/em> ya lo segu\u00eda de cerca desde hace m\u00e1s de seis meses, por lo que ahora intentar\u00e1n cerrar la operaci\u00f3n.<\/p>\n<p><strong>Sergio Garc\u00eda<\/strong> es catalogado como el jugador franquicia del Espanyol de Barcelona. En la m\u00e1s reciente campa\u00f1a sum\u00f3 15 goles en la 2014-15. Tiene contrato con los <em>Periquitos<\/em> hasta 2018, aunque una gran oferta permitir\u00eda su salida.<\/p>\n<p>Pese a esto, reportes desde Espa\u00f1a indican que <strong>Sergio Garc\u00eda<\/strong> permanecer\u00eda en el Espanyol debido a que el club no ha recibido una oferta formal, donde tambi\u00e9n se habla de China y Qatar.<\/p>\n<p><strong>Sergio Garc\u00eda<\/strong> ha jugado para: Barcelona, Levante, Zaragoza, Betis y Espanyol.<\/p>\n<p><em>Van por Chaka y Hurtado<\/em><\/p>\n<p>Asimismo, el entrenador <em>cementero<\/em> Sergio Bueno acept\u00f3 que tiene la prioridad en Avil\u00e9s Hurtado, jugador que ya conoce tras su paso por Jaguares de Chiapas; mismo caso que Luis <em>Chaka<\/em> Rodr\u00edguez, quien estar\u00eda a una firma de Cruz Azul.<\/p>\n<p>\u201cAvil\u00e9s (Hurtado) es un jugador que conozco de Jaguares y me ha funcionado, as\u00ed que se va a hacer el intento, pero no es f\u00e1cil\u201d, dijo Bueno, quien a\u00f1adi\u00f3 que si Chivas no compra a Gerardo Flores, entonces se quedar\u00e1n con \u00e9l, pues no aceptaron un cambio que en principio era por Patricio Araujo.<\/p>\n<p><strong><a href=\"http:\/\/futboltotal.com.mx\/2015\/06\/sigue-el-draft-en-vivo-de-la-liga-mx\/\" target=\"_blank\">SIGUE MINUTO A MINUTO EL DRAFT DE LA LIGA MX | APERTURA 2015\u00a0<\/a>\u00a0<\/strong><\/p>\n","protected":false},"excerpt":{"rendered":"<p>El delantero espa\u00f1ol ser\u00eda la carta fuerte de La M\u00e1quina<\/p>\n","protected":false},"author":20,"featured_media":284427,"comment_status":"open","ping_status":"open","sticky":false,"template":"","format":"standard","meta":[],"categories":[2198,3845],"tags":[5962,3749,5214],"_links":{"self":[{"href":"http:\/\/desarrollo.grupomedios.com\/futbol\/wp-json\/wp\/v2\/posts\/284417"}],"collection":[{"href":"http:\/\/desarrollo.grupomedios.com\/futbol\/wp-json\/wp\/v2\/posts"}],"about":[{"href":"http:\/\/desarrollo.grupomedios.com\/futbol\/wp-json\/wp\/v2\/types\/post"}],"author":[{"embeddable":true,"href":"http:\/\/desarrollo.grupomedios.com\/futbol\/wp-json\/wp\/v2\/users\/20"}],"replies":[{"embeddable":true,"href":"http:\/\/desarrollo.grupomedios.com\/futbol\/wp-json\/wp\/v2\/comments?post=284417"}],"version-history":[{"count":0,"href":"http:\/\/desarrollo.grupomedios.com\/futbol\/wp-json\/wp\/v2\/posts\/284417\/revisions"}],"wp:featuredmedia":[{"embeddable":true,"href":"http:\/\/desarrollo.grupomedios.com\/futbol\/wp-json\/wp\/v2\/media\/284427"}],"wp:attachment":[{"href":"http:\/\/desarrollo.grupomedios.com\/futbol\/wp-json\/wp\/v2\/media?parent=284417"}],"wp:term":[{"taxonomy":"category","embeddable":true,"href":"http:\/\/desarrollo.grupomedios.com\/futbol\/wp-json\/wp\/v2\/categories?post=284417"},{"taxonomy":"post_tag","embeddable":true,"href":"http:\/\/desarrollo.grupomedios.com\/futbol\/wp-json\/wp\/v2\/tags?post=284417"}],"curies":[{"name":"wp","href":"https:\/\/api.w.org\/{rel}","templated":true}]}}