{"id":284543,"date":"2015-06-11T01:15:51","date_gmt":"2015-06-11T06:15:51","guid":{"rendered":"http:\/\/futboltotal.com.mx\/?p=284543"},"modified":"2015-06-11T17:29:42","modified_gmt":"2015-06-11T22:29:42","slug":"jurgen-dam-la-bomba-del-draft-2015","status":"publish","type":"post","link":"http:\/\/desarrollo.grupomedios.com\/futbol\/futbol-mexicano\/jurgen-dam-la-bomba-del-draft-2015\/2015\/06","title":{"rendered":"Jurgen Damm, la bomba del Draft 2015"},"content":{"rendered":"<p>Luego de un intenso\u00a0-al final- <strong>R\u00e9gimen de Transferencias<\/strong> de la <a href=\"http:\/\/www.futboltotal.com.mx\/futbol-mexicano\/\" target=\"_blank\"><strong>Liga MX<\/strong><\/a>, <strong>Jurgen Damm<\/strong>\u00a0luci\u00f3 como la\u00a0<strong>contrataci\u00f3n bomba<\/strong> del <strong>Draft 2015<\/strong>, pues adem\u00e1s de generar un alt\u00edsima expectativa,\u00a0<a href=\"http:\/\/futboltotal.com.mx\/2015\/06\/los-fichajes-mas-caros-en-la-historia-del-draft\/\">su transferencia se convirti\u00f3\u00a0en una de las tres m\u00e1s caras de la historia<\/a>.<\/p>\n<p>La especulaci\u00f3n que gener\u00f3 el mediocampista gener\u00f3 revuelo, y lo hizo a\u00fan m\u00e1s, cuando <strong>Tigres<\/strong> <a href=\"http:\/\/futboltotal.com.mx\/2015\/06\/tigres-gana-la-competencia-por-jurgen-damm\/\" target=\"_blank\">pag\u00f3 los 10 millones de d\u00f3lares<\/a> por el futbolista.<\/p>\n<p>Detr\u00e1s del de <strong>Jurgen Damm<\/strong>, ahora jugador <em>felino<\/em>, hubo otros movimientos interesantes rumbo al\u00a0<strong>Apertura 2015<\/strong> de la <strong>Liga MX<\/strong>.<\/p>\n<p><strong>Marc Crosas<\/strong> | Ya se conoc\u00eda la contrataci\u00f3n del espa\u00f1ol naturalizado mexicano como refuerzo del Cruz Azul; sin embargo, se confirm\u00f3 durante el mercado de transferencias.<\/p>\n<p><strong>Aldo de Nigris<\/strong> | Lo que ya muchos dec\u00edan sobre el atacante mexicano se concret\u00f3 sin sorpresas, ahora el ariete volver\u00e1 a vestir la casaca de\u00a0<em>Rayados <\/em>de Monterrey.<\/p>\n<p><strong>Fidel Mart\u00ednez<\/strong> | Una semana antes del Draft, todo el mundo sab\u00eda de la llegada del ecuatoriano a las filas de los Pumas. El futbolista es de lo poco que contrataron los de la UNAM durante el R\u00e9gimen de Transferencias.<\/p>\n<p><strong>Oswaldo Alan\u00eds<\/strong> | Chivas teme la salida de Carlos Salcedo, por la participaci\u00f3n que tenga el zaguero en Copa Am\u00e9rica; por ello, ha concretado el pase del defensor campe\u00f3n con Santos, para mantener segura su meta durante el Apertura 2015.<\/p>\n<p><strong>Javier G\u00fcemez<\/strong> | Am\u00e9rica confirm\u00f3 la\u00a0contrataci\u00f3n del\u00a0aguerrido futbolista\u00a0d\u00edas antes del mercado realizado este mi\u00e9rcoles en Canc\u00fan.<\/p>\n<p><strong>Cristian Pellerano<\/strong> | Luego de unas horas en que Morelia y las <em>\u00c1guilas<\/em> se mantuvieron en negociaciones; el argentino ahora pertenece a la plantilla del <em>Monarcas<\/em>, que buscar\u00e1 pelear por la permanencia en la Liga MX.<\/p>\n<p><strong>Leit\u00f3n Jim\u00e9nez y Alan Pulido<\/strong> | Este par de futbolistas se pudieron haber unido a Jurgen Damm como las <strong>bombas del Draft<\/strong>; sin embargo, ninguno de los traspasos se ha concretado.<\/p>\n","protected":false},"excerpt":{"rendered":"<p>El fichaje del mediocampista fue el m\u00e1s costoso del R\u00e9gimen de Transferencias<\/p>\n","protected":false},"author":20,"featured_media":284855,"comment_status":"open","ping_status":"open","sticky":false,"template":"","format":"standard","meta":[],"categories":[2198,3845],"tags":[3749,5473],"_links":{"self":[{"href":"http:\/\/desarrollo.grupomedios.com\/futbol\/wp-json\/wp\/v2\/posts\/284543"}],"collection":[{"href":"http:\/\/desarrollo.grupomedios.com\/futbol\/wp-json\/wp\/v2\/posts"}],"about":[{"href":"http:\/\/desarrollo.grupomedios.com\/futbol\/wp-json\/wp\/v2\/types\/post"}],"author":[{"embeddable":true,"href":"http:\/\/desarrollo.grupomedios.com\/futbol\/wp-json\/wp\/v2\/users\/20"}],"replies":[{"embeddable":true,"href":"http:\/\/desarrollo.grupomedios.com\/futbol\/wp-json\/wp\/v2\/comments?post=284543"}],"version-history":[{"count":0,"href":"http:\/\/desarrollo.grupomedios.com\/futbol\/wp-json\/wp\/v2\/posts\/284543\/revisions"}],"wp:featuredmedia":[{"embeddable":true,"href":"http:\/\/desarrollo.grupomedios.com\/futbol\/wp-json\/wp\/v2\/media\/284855"}],"wp:attachment":[{"href":"http:\/\/desarrollo.grupomedios.com\/futbol\/wp-json\/wp\/v2\/media?parent=284543"}],"wp:term":[{"taxonomy":"category","embeddable":true,"href":"http:\/\/desarrollo.grupomedios.com\/futbol\/wp-json\/wp\/v2\/categories?post=284543"},{"taxonomy":"post_tag","embeddable":true,"href":"http:\/\/desarrollo.grupomedios.com\/futbol\/wp-json\/wp\/v2\/tags?post=284543"}],"curies":[{"name":"wp","href":"https:\/\/api.w.org\/{rel}","templated":true}]}}