{"id":284545,"date":"2015-06-10T19:15:13","date_gmt":"2015-06-11T00:15:13","guid":{"rendered":"http:\/\/futboltotal.com.mx\/?p=284545"},"modified":"2015-06-10T20:52:21","modified_gmt":"2015-06-11T01:52:21","slug":"rafa-marquez-y-miguel-herrera-figuran-en-dream-team","status":"publish","type":"post","link":"http:\/\/desarrollo.grupomedios.com\/futbol\/futbol-mexicano\/rafa-marquez-y-miguel-herrera-figuran-en-dream-team\/2015\/06","title":{"rendered":"Rafa M\u00e1rquez y Miguel Herrera figuran en Dream Team"},"content":{"rendered":"<p>Previo al arranque de la <strong>Copa Am\u00e9rica Chile 2015<\/strong>, miles de usuarios de <strong>Facebook<\/strong> votaron para armar el <strong><em>Dream<\/em> <em>Team<\/em><\/strong> del certamen; mismo en el que figuran <strong>Rafael M\u00e1rquez<\/strong> y <strong>Miguel Herrera<\/strong>.<\/p>\n<p>En el 11 no pod\u00eda faltar el argentino Lionel Messi, quien estar\u00eda acompa\u00f1ado de su compatriota Javier Mascherano. Mientras que Colombia no se quedar\u00eda atr\u00e1s porque tendr\u00eda a James Rodr\u00edguez y Juan Cuadrado como representantes.<\/p>\n<p>El anfitri\u00f3n Chile no se ausentar\u00eda, porque presumir\u00eda a Alexis S\u00e1nchez. En tanto, Brasil dominar\u00eda con Neymar, William y David Luiz; este \u00faltimo estar\u00eda al lado de <strong><em>Rafa<\/em>\u00a0M\u00e1quez<\/strong>. Cabe destacar, que el <strong>Dream Team<\/strong> estar\u00eda a cargo del t\u00e9cnico del <em>Tri<\/em>, <strong>Miguel Herrera<\/strong>.<\/p>\n<p>\u00bfHar\u00edas alg\u00fan cambio, <em>crack<\/em>?<\/p>\n<p><a href=\"http:\/\/futboltotal.com.mx\/wp-content\/uploads\/2015\/06\/dream-team-copa-america-rafa-marquez.jpg\"><img decoding=\"async\" loading=\"lazy\" class=\"alignnone wp-image-284552\" src=\"http:\/\/futboltotal.com.mx\/wp-content\/uploads\/2015\/06\/dream-team-copa-america-rafa-marquez.jpg\" alt=\"dream-team-copa-america-rafa-marquez\" srcset=\"http:\/\/desarrollo.grupomedios.com\/futbol\/wp-content\/uploads\/2015\/06\/dream-team-copa-america-rafa-marquez.jpg 820w, http:\/\/desarrollo.grupomedios.com\/futbol\/wp-content\/uploads\/2015\/06\/dream-team-copa-america-rafa-marquez-300x201.jpg 300w\" sizes=\"(max-width: 500px) 100vw, 500px\" \/><\/a><\/p>\n","protected":false},"excerpt":{"rendered":"<p>Este equipo ser\u00eda el mejor para la Copa Am\u00e9rica <\/p>\n","protected":false},"author":20,"featured_media":284548,"comment_status":"open","ping_status":"open","sticky":false,"template":"","format":"standard","meta":[],"categories":[2198,3847],"tags":[2130,255,6033],"_links":{"self":[{"href":"http:\/\/desarrollo.grupomedios.com\/futbol\/wp-json\/wp\/v2\/posts\/284545"}],"collection":[{"href":"http:\/\/desarrollo.grupomedios.com\/futbol\/wp-json\/wp\/v2\/posts"}],"about":[{"href":"http:\/\/desarrollo.grupomedios.com\/futbol\/wp-json\/wp\/v2\/types\/post"}],"author":[{"embeddable":true,"href":"http:\/\/desarrollo.grupomedios.com\/futbol\/wp-json\/wp\/v2\/users\/20"}],"replies":[{"embeddable":true,"href":"http:\/\/desarrollo.grupomedios.com\/futbol\/wp-json\/wp\/v2\/comments?post=284545"}],"version-history":[{"count":0,"href":"http:\/\/desarrollo.grupomedios.com\/futbol\/wp-json\/wp\/v2\/posts\/284545\/revisions"}],"wp:featuredmedia":[{"embeddable":true,"href":"http:\/\/desarrollo.grupomedios.com\/futbol\/wp-json\/wp\/v2\/media\/284548"}],"wp:attachment":[{"href":"http:\/\/desarrollo.grupomedios.com\/futbol\/wp-json\/wp\/v2\/media?parent=284545"}],"wp:term":[{"taxonomy":"category","embeddable":true,"href":"http:\/\/desarrollo.grupomedios.com\/futbol\/wp-json\/wp\/v2\/categories?post=284545"},{"taxonomy":"post_tag","embeddable":true,"href":"http:\/\/desarrollo.grupomedios.com\/futbol\/wp-json\/wp\/v2\/tags?post=284545"}],"curies":[{"name":"wp","href":"https:\/\/api.w.org\/{rel}","templated":true}]}}