{"id":284874,"date":"2015-06-11T12:11:05","date_gmt":"2015-06-11T17:11:05","guid":{"rendered":"http:\/\/futboltotal.com.mx\/?p=284874"},"modified":"2015-06-11T13:28:44","modified_gmt":"2015-06-11T18:28:44","slug":"america-tiene-nuevo-delantero","status":"publish","type":"post","link":"http:\/\/desarrollo.grupomedios.com\/futbol\/futbol-mexicano\/america-tiene-nuevo-delantero\/2015\/06","title":{"rendered":"Am\u00e9rica tiene nuevo delantero"},"content":{"rendered":"<p><a href=\"http:\/\/futboltotal.com.mx\/equipos\/america\/\" target=\"_blank\"><strong>Am\u00e9rica<\/strong><\/a> contin\u00faa con sus refuerzos de cara al <strong>Apertura 2015<\/strong> de la <a href=\"http:\/\/futboltotal.com.mx\/futbol-mexicano\/liga-mx\/\" target=\"_blank\"><strong>Liga MX<\/strong><\/a>. Este jueves, dentro del <strong>Draft<\/strong> del Ascenso MX confirm\u00f3 la llegada de <strong>Alberto Jorge Garc\u00eda Carpizo.<\/strong><\/p>\n<p>El joven de 21 a\u00f1os pertenece al Atlante, pero en el \u00faltimo a\u00f1o milit\u00f3 en Chivas donde no tuvo muchos minutos, motivo por el cual el Reba\u00f1o no ejerci\u00f3 la opci\u00f3n de compra, por lo que se dio su llegada al <strong>Am\u00e9rica<\/strong>.<\/p>\n<p>El <em>Guamerucito<\/em> juega de delantero o volante. Su debut se dio en 2012 cuando \u00c1ngel David Comizzo le dio algunos minutos con Quer\u00e9taro.<\/p>\n<p>Garc\u00eda Carpizo se suma a las llegadas de Javier G\u00faemez, Adri\u00e1n Mar\u00edn; adem\u00e1s de los regresos de Gil Bur\u00f3n. En el Draft <strong>Am\u00e9rica<\/strong> tambi\u00e9n oficializ\u00f3 la permanencia de Osmar Mares.<\/p>\n","protected":false},"excerpt":{"rendered":"<p>Alberto Jorge Garc\u00eda Carpizo llega procedente del Atlante<\/p>\n","protected":false},"author":20,"featured_media":284875,"comment_status":"open","ping_status":"open","sticky":false,"template":"","format":"standard","meta":[],"categories":[2198,3845],"tags":[5959,3749],"_links":{"self":[{"href":"http:\/\/desarrollo.grupomedios.com\/futbol\/wp-json\/wp\/v2\/posts\/284874"}],"collection":[{"href":"http:\/\/desarrollo.grupomedios.com\/futbol\/wp-json\/wp\/v2\/posts"}],"about":[{"href":"http:\/\/desarrollo.grupomedios.com\/futbol\/wp-json\/wp\/v2\/types\/post"}],"author":[{"embeddable":true,"href":"http:\/\/desarrollo.grupomedios.com\/futbol\/wp-json\/wp\/v2\/users\/20"}],"replies":[{"embeddable":true,"href":"http:\/\/desarrollo.grupomedios.com\/futbol\/wp-json\/wp\/v2\/comments?post=284874"}],"version-history":[{"count":0,"href":"http:\/\/desarrollo.grupomedios.com\/futbol\/wp-json\/wp\/v2\/posts\/284874\/revisions"}],"wp:featuredmedia":[{"embeddable":true,"href":"http:\/\/desarrollo.grupomedios.com\/futbol\/wp-json\/wp\/v2\/media\/284875"}],"wp:attachment":[{"href":"http:\/\/desarrollo.grupomedios.com\/futbol\/wp-json\/wp\/v2\/media?parent=284874"}],"wp:term":[{"taxonomy":"category","embeddable":true,"href":"http:\/\/desarrollo.grupomedios.com\/futbol\/wp-json\/wp\/v2\/categories?post=284874"},{"taxonomy":"post_tag","embeddable":true,"href":"http:\/\/desarrollo.grupomedios.com\/futbol\/wp-json\/wp\/v2\/tags?post=284874"}],"curies":[{"name":"wp","href":"https:\/\/api.w.org\/{rel}","templated":true}]}}