{"id":284877,"date":"2015-06-11T12:24:07","date_gmt":"2015-06-11T17:24:07","guid":{"rendered":"http:\/\/futboltotal.com.mx\/?p=284877"},"modified":"2015-06-11T17:24:16","modified_gmt":"2015-06-11T22:24:16","slug":"los-4-grandes-quedan-a-deber-en-el-draft","status":"publish","type":"post","link":"http:\/\/desarrollo.grupomedios.com\/futbol\/futbol-mexicano\/los-4-grandes-quedan-a-deber-en-el-draft\/2015\/06","title":{"rendered":"Los 4 grandes quedan a deber en el Draft"},"content":{"rendered":"<p>\u00bfLos <strong>cuatro grandes<\/strong> del <strong>futbol mexicano<\/strong> quedaron a deber en el <strong>Draft<\/strong> de la <strong>Liga MX<\/strong>? Parece que s\u00ed. Y es que <strong>Am\u00e9rica<\/strong>, <strong>Chivas<\/strong>, <strong>Cruz Azul<\/strong> y <strong>Pumas<\/strong> realizaron raquitas compras en el <strong>R\u00e9gimen de Transferencias<\/strong>.<\/p>\n<p>Salvo las <strong>Chivas del Guadalajara<\/strong>, que contrat\u00f3 a Oswaldo Alan\u00eds y a Edwin Hern\u00e1ndez, y se hizo del 50 por ciento de la carta de Alan Pulido, los llamados grandes del balompi\u00e9 <em>azteca<\/em> desentonaron en el <strong>Draft 2015<\/strong>.\u00a0En ese sentido, destacar la extra\u00f1a postura del <strong>Am\u00e9rica<\/strong>, que contrario a su costumbre, en esta oportunidad cerr\u00f3 la billetera.<\/p>\n<p><strong>Los movimientos de los 4 grandes<\/strong>:<\/p>\n<p><strong>AM\u00c9RICA<\/strong> | En el R\u00e9gimen de Transferencias, las <em>\u00c1guilas<\/em> solo anunciaron la compra definitiva de Osmar Mares al Santos Laguna y confirmaron el fichaje de Javier G\u00fcemez (<em>Xolos <\/em>de Tijuana). En la recta final del mercado de piernas anunciaron el regreso de Gil Bur\u00f3n (Quer\u00e9taro) y la llegada del joven delantero Adri\u00e1n Mar\u00edn, procedente de Chiapas.<\/p>\n<p><strong>CRUZ AZUL<\/strong> | La <em>M\u00e1quina<\/em> tambi\u00e9n decepcion\u00f3. Y es que al final no logr\u00f3 cazar a los peces gordos que buscaba (l\u00e9ase <em>Chaka<\/em> Rodr\u00edguez, Jurgen Damm o Mat\u00edas Alustiza). En el Draft, los <em>cementeros<\/em> confirmaron las contrataciones del espa\u00f1ol Marc Crosas (Leones Negros) y Richard Ruiz (<em>Xolos<\/em>); la llegada del brasile\u00f1o -naturalizado mexicano- Lucas Silva, procedente de Monterrey, fue el \u00fanico movimiento que rompi\u00f3 la pasividad <em>celeste<\/em>.<\/p>\n<div id=\"attachment_284883\" style=\"width: 610px\" class=\"wp-caption aligncenter\"><a href=\"http:\/\/futboltotal.com.mx\/wp-content\/uploads\/2015\/06\/marc_crosas_cruz_azul_refuerzo.jpg\"><img aria-describedby=\"caption-attachment-284883\" decoding=\"async\" loading=\"lazy\" class=\"wp-image-284883 size-full\" src=\"http:\/\/futboltotal.com.mx\/wp-content\/uploads\/2015\/06\/marc_crosas_cruz_azul_refuerzo.jpg\" alt=\"marc_crosas_cruz_azul_refuerzo\" srcset=\"http:\/\/desarrollo.grupomedios.com\/futbol\/wp-content\/uploads\/2015\/06\/marc_crosas_cruz_azul_refuerzo.jpg 600w, http:\/\/desarrollo.grupomedios.com\/futbol\/wp-content\/uploads\/2015\/06\/marc_crosas_cruz_azul_refuerzo-300x159.jpg 300w\" sizes=\"(max-width: 600px) 100vw, 600px\" \/><\/a><p id=\"caption-attachment-284883\" class=\"wp-caption-text\">Marc Crosas, nuevo jugador de Cruz Azul.<\/p><\/div>\n<p><strong>CHIVAS<\/strong> | El <em>Reba\u00f1o<\/em> fue uno de los equipos m\u00e1s activos durante el R\u00e9gimen de Transferencias. El cuadro rojiblanco dio salida a 10 elementos y dio\u00a0llegada a\u00a0tres jugadores: el portero Rodolfo Cota (Pachuca) y los defensas Oswaldo Alan\u00eds (Santos) y Edwin Hern\u00e1ndez (Le\u00f3n). Adem\u00e1s, compr\u00f3 a Tigres el 50 por ciento de la carta de Alan Pulido, aunque todo indica que la llegada del delantero no se presentar\u00e1.<\/p>\n<p><strong>PUMAS<\/strong> | Tras confirmar la llegada del contenci\u00f3n Alejandro Castro, en calidad de pr\u00e9stamo, el equipo de UNAM determin\u00f3 cerrar sus compras en el mercado de piernas. El ex de Cruz Azul fue la tercera alta del cuadro universitario\u00a0rumbo al Apertura 2015, previamente hab\u00eda anunciado la contrataci\u00f3n del defensa Marcelo Alatorre y el delantero ecuatoriano Fidel Mart\u00ednez, ambos procedentes de Leones Negros.<\/p>\n<div id=\"attachment_284881\" style=\"width: 610px\" class=\"wp-caption aligncenter\"><a href=\"http:\/\/futboltotal.com.mx\/wp-content\/uploads\/2015\/06\/pumas_alejandro_castro_refuerzo.jpg\"><img aria-describedby=\"caption-attachment-284881\" decoding=\"async\" loading=\"lazy\" class=\"wp-image-284881\" src=\"http:\/\/futboltotal.com.mx\/wp-content\/uploads\/2015\/06\/pumas_alejandro_castro_refuerzo.jpg\" alt=\"pumas_alejandro_castro_refuerzo\" srcset=\"http:\/\/desarrollo.grupomedios.com\/futbol\/wp-content\/uploads\/2015\/06\/pumas_alejandro_castro_refuerzo.jpg 818w, http:\/\/desarrollo.grupomedios.com\/futbol\/wp-content\/uploads\/2015\/06\/pumas_alejandro_castro_refuerzo-300x141.jpg 300w\" sizes=\"(max-width: 600px) 100vw, 600px\" \/><\/a><p id=\"caption-attachment-284881\" class=\"wp-caption-text\">Alejandro Castro, flamante refuerzo de Pumas.<\/p><\/div>\n<p><strong><a href=\"http:\/\/futboltotal.com.mx\/2015\/06\/futbol-de-estufa-apertura-2015\/\" target=\"_blank\">FUTBOL DE ESTUFA | Liga MX | Rumbo al Apertura 2015 | ALTAS \u2013 BAJAS \u2013 RUMORES<\/a><\/strong><\/p>\n","protected":false},"excerpt":{"rendered":"<p>Contrario a su costumbre, Am\u00e9rica cerr\u00f3 la billetera<\/p>\n","protected":false},"author":20,"featured_media":284193,"comment_status":"open","ping_status":"open","sticky":false,"template":"","format":"standard","meta":[],"categories":[2198,3845],"tags":[5959,70,5962,3749,74],"_links":{"self":[{"href":"http:\/\/desarrollo.grupomedios.com\/futbol\/wp-json\/wp\/v2\/posts\/284877"}],"collection":[{"href":"http:\/\/desarrollo.grupomedios.com\/futbol\/wp-json\/wp\/v2\/posts"}],"about":[{"href":"http:\/\/desarrollo.grupomedios.com\/futbol\/wp-json\/wp\/v2\/types\/post"}],"author":[{"embeddable":true,"href":"http:\/\/desarrollo.grupomedios.com\/futbol\/wp-json\/wp\/v2\/users\/20"}],"replies":[{"embeddable":true,"href":"http:\/\/desarrollo.grupomedios.com\/futbol\/wp-json\/wp\/v2\/comments?post=284877"}],"version-history":[{"count":0,"href":"http:\/\/desarrollo.grupomedios.com\/futbol\/wp-json\/wp\/v2\/posts\/284877\/revisions"}],"wp:featuredmedia":[{"embeddable":true,"href":"http:\/\/desarrollo.grupomedios.com\/futbol\/wp-json\/wp\/v2\/media\/284193"}],"wp:attachment":[{"href":"http:\/\/desarrollo.grupomedios.com\/futbol\/wp-json\/wp\/v2\/media?parent=284877"}],"wp:term":[{"taxonomy":"category","embeddable":true,"href":"http:\/\/desarrollo.grupomedios.com\/futbol\/wp-json\/wp\/v2\/categories?post=284877"},{"taxonomy":"post_tag","embeddable":true,"href":"http:\/\/desarrollo.grupomedios.com\/futbol\/wp-json\/wp\/v2\/tags?post=284877"}],"curies":[{"name":"wp","href":"https:\/\/api.w.org\/{rel}","templated":true}]}}