{"id":284880,"date":"2015-06-11T12:20:08","date_gmt":"2015-06-11T17:20:08","guid":{"rendered":"http:\/\/futboltotal.com.mx\/?p=284880"},"modified":"2015-06-11T17:24:42","modified_gmt":"2015-06-11T22:24:42","slug":"10-futbolistas-que-ya-no-veremos-en-la-liga-mx","status":"publish","type":"post","link":"http:\/\/desarrollo.grupomedios.com\/futbol\/futbol-mexicano\/10-futbolistas-que-ya-no-veremos-en-la-liga-mx\/2015\/06","title":{"rendered":"10 futbolistas que ya no veremos en la Liga MX"},"content":{"rendered":"<p>Este mi\u00e9rcoles se realiz\u00f3 el <a href=\"http:\/\/futboltotal.com.mx\/2015\/06\/los-4-grandes-quedan-a-deber-en-el-draft\/\" target=\"_blank\"><strong>Draft de la Primera Divisi\u00f3n<\/strong><\/a> donde se dieron 112 operaciones \u2013 35 definitivas,\u00a0por la cantidad de 863 millones y 77 temporales, por 152 mdp \u2013. El problema es que no todos los elementos transferibles encontraron acomodo, motivo por el cual te presentamos a los <strong>10 futbolistas<\/strong> que ya no veremos en la Liga MX.<\/p>\n<p>Estos 1<strong>0 futbolistas<\/strong> fueron puestos como transferibles, pero durante el r\u00e9gimen de transferencias de la <strong>Liga MX<\/strong> no encontraron otro club, por lo que ahora tienen tres opciones: durante este jueves arreglarse con alguien en el Ascenso; acomodarse en el extranjero o hablar con su directiva para no cambiar de equipo el pr\u00f3ximo torneo.<\/p>\n<p><strong>Lucas Lobos (Toluca)<\/strong> | El naturalizado mexicano es uno de los <strong>10 futbolistas<\/strong> que quiz\u00e1 ya no veremos en la Liga MX. Los <em>Diablos<\/em> lo pusieron transferible, pero nadie adquiri\u00f3 sus servicios en el Draft de Canc\u00fan.<\/p>\n<p><a href=\"http:\/\/futboltotal.com.mx\/wp-content\/uploads\/2015\/06\/lucas-lobos-toluca-lista-de-transferibles.jpg\"><img decoding=\"async\" loading=\"lazy\" class=\"alignnone wp-image-281962 size-full\" src=\"http:\/\/futboltotal.com.mx\/wp-content\/uploads\/2015\/06\/lucas-lobos-toluca-lista-de-transferibles.jpg\" alt=\"lucas-lobos-toluca-lista-de-transferibles\" srcset=\"http:\/\/desarrollo.grupomedios.com\/futbol\/wp-content\/uploads\/2015\/06\/lucas-lobos-toluca-lista-de-transferibles.jpg 820w, http:\/\/desarrollo.grupomedios.com\/futbol\/wp-content\/uploads\/2015\/06\/lucas-lobos-toluca-lista-de-transferibles-300x201.jpg 300w\" sizes=\"(max-width: 820px) 100vw, 820px\" \/><\/a><\/p>\n<p><strong>Alemao (Cruz Azul)<\/strong> | <em>La M\u00e1quina<\/em> dej\u00f3 en claro que no contaba m\u00e1s con el atacante brasile\u00f1o. Se rumor\u00f3 mucho sobre una llegada a Dorados, pero al final parece que su destino estar\u00e1 lejos de M\u00e9xico.<\/p>\n<p><a href=\"http:\/\/futboltotal.com.mx\/wp-content\/uploads\/2015\/06\/alemao_cruzazul_ligamx.jpg\"><img decoding=\"async\" loading=\"lazy\" class=\"alignnone size-full wp-image-282247\" src=\"http:\/\/futboltotal.com.mx\/wp-content\/uploads\/2015\/06\/alemao_cruzazul_ligamx.jpg\" alt=\"alemao_cruzazul_ligamx\" srcset=\"http:\/\/desarrollo.grupomedios.com\/futbol\/wp-content\/uploads\/2015\/06\/alemao_cruzazul_ligamx.jpg 820w, http:\/\/desarrollo.grupomedios.com\/futbol\/wp-content\/uploads\/2015\/06\/alemao_cruzazul_ligamx-300x201.jpg 300w\" sizes=\"(max-width: 820px) 100vw, 820px\" \/><\/a><\/p>\n<p><strong>Carlos Lizarazo (Cruz Azul)<\/strong> | El joven colombiano no jug\u00f3 un solo minuto en la <strong>Liga MX,<\/strong> quiz\u00e1 esa sea la raz\u00f3n por la que nadie decidi\u00f3 darle una segunda oportunidad en M\u00e9xico. Seguramente regresar\u00e1 a su pa\u00eds.<\/p>\n<p><a href=\"http:\/\/futboltotal.com.mx\/wp-content\/uploads\/2015\/04\/agustin-manzo-lamenta-contratacion-de-carlos-lizarazo.jpg\"><img decoding=\"async\" loading=\"lazy\" class=\"alignnone size-full wp-image-269739\" src=\"http:\/\/futboltotal.com.mx\/wp-content\/uploads\/2015\/04\/agustin-manzo-lamenta-contratacion-de-carlos-lizarazo.jpg\" alt=\"agustin-manzo-lamenta-contratacion-de-carlos-lizarazo\" srcset=\"http:\/\/desarrollo.grupomedios.com\/futbol\/wp-content\/uploads\/2015\/04\/agustin-manzo-lamenta-contratacion-de-carlos-lizarazo.jpg 650w, http:\/\/desarrollo.grupomedios.com\/futbol\/wp-content\/uploads\/2015\/04\/agustin-manzo-lamenta-contratacion-de-carlos-lizarazo-132x88.jpg 132w, http:\/\/desarrollo.grupomedios.com\/futbol\/wp-content\/uploads\/2015\/04\/agustin-manzo-lamenta-contratacion-de-carlos-lizarazo-95x63.jpg 95w, http:\/\/desarrollo.grupomedios.com\/futbol\/wp-content\/uploads\/2015\/04\/agustin-manzo-lamenta-contratacion-de-carlos-lizarazo-182x122.jpg 182w, http:\/\/desarrollo.grupomedios.com\/futbol\/wp-content\/uploads\/2015\/04\/agustin-manzo-lamenta-contratacion-de-carlos-lizarazo-205x136.jpg 205w, http:\/\/desarrollo.grupomedios.com\/futbol\/wp-content\/uploads\/2015\/04\/agustin-manzo-lamenta-contratacion-de-carlos-lizarazo-420x280.jpg 420w\" sizes=\"(max-width: 650px) 100vw, 650px\" \/><\/a><\/p>\n<p><strong>Juan Anangon\u00f3 (Leones Negros)<\/strong> | Jug\u00f3 13 partidos en la campa\u00f1a anterior con los Melenudos. El problema fue que solo marc\u00f3 un gol y recibi\u00f3 muchas cr\u00edticas por su falta de tino. Luce complicado que permanezca en el Ascenso con el cuadro tapat\u00edo.<\/p>\n<p><a href=\"http:\/\/futboltotal.com.mx\/wp-content\/uploads\/2015\/01\/anangono.jpg\"><img decoding=\"async\" loading=\"lazy\" class=\"alignnone size-full wp-image-255088\" src=\"http:\/\/futboltotal.com.mx\/wp-content\/uploads\/2015\/01\/anangono.jpg\" alt=\"anangono\" srcset=\"http:\/\/desarrollo.grupomedios.com\/futbol\/wp-content\/uploads\/2015\/01\/anangono.jpg 650w, http:\/\/desarrollo.grupomedios.com\/futbol\/wp-content\/uploads\/2015\/01\/anangono-132x88.jpg 132w, http:\/\/desarrollo.grupomedios.com\/futbol\/wp-content\/uploads\/2015\/01\/anangono-95x63.jpg 95w, http:\/\/desarrollo.grupomedios.com\/futbol\/wp-content\/uploads\/2015\/01\/anangono-182x122.jpg 182w, http:\/\/desarrollo.grupomedios.com\/futbol\/wp-content\/uploads\/2015\/01\/anangono-205x136.jpg 205w, http:\/\/desarrollo.grupomedios.com\/futbol\/wp-content\/uploads\/2015\/01\/anangono-420x280.jpg 420w\" sizes=\"(max-width: 650px) 100vw, 650px\" \/><\/a><\/p>\n<p><strong>Jonathan Ramis (Pumas)<\/strong>\u00a0| El delantero uruguayo vio acci\u00f3n apenas 416 minutos con UNAM, no marc\u00f3 gol y fue puesto como transferible. Las horas pasaron en el Draft y no hubo alguien que se acercara para negociar al jugador.<\/p>\n<p><a href=\"http:\/\/futboltotal.com.mx\/wp-content\/uploads\/2015\/06\/jonathan-ramis-encabeza-lista-de-transferibles.jpg\"><img decoding=\"async\" loading=\"lazy\" class=\"alignnone size-full wp-image-282996\" src=\"http:\/\/futboltotal.com.mx\/wp-content\/uploads\/2015\/06\/jonathan-ramis-encabeza-lista-de-transferibles.jpg\" alt=\"jonathan-ramis-encabeza-lista-de-transferibles\" srcset=\"http:\/\/desarrollo.grupomedios.com\/futbol\/wp-content\/uploads\/2015\/06\/jonathan-ramis-encabeza-lista-de-transferibles.jpg 820w, http:\/\/desarrollo.grupomedios.com\/futbol\/wp-content\/uploads\/2015\/06\/jonathan-ramis-encabeza-lista-de-transferibles-300x201.jpg 300w\" sizes=\"(max-width: 820px) 100vw, 820px\" \/><\/a><\/p>\n<p><strong>Jonathan Bottinelli (Le\u00f3n)<\/strong> | El defensa argentino no llen\u00f3 el ojo de Juan Antonio Pizzi, motivo por el cual entr\u00f3 a la lista de transferibles. Los mil 768 minutos y dos goles que marc\u00f3 con <em>La Fiera<\/em> no fueron garant\u00eda para que siguiera en M\u00e9xico.<\/p>\n<p><a href=\"http:\/\/futboltotal.com.mx\/wp-content\/uploads\/2015\/06\/Imago-297672.jpg\"><img decoding=\"async\" loading=\"lazy\" class=\"alignnone wp-image-284891\" src=\"http:\/\/futboltotal.com.mx\/wp-content\/uploads\/2015\/06\/Imago-297672.jpg\" alt=\"Imago-297672\" srcset=\"http:\/\/desarrollo.grupomedios.com\/futbol\/wp-content\/uploads\/2015\/06\/Imago-297672.jpg 3100w, http:\/\/desarrollo.grupomedios.com\/futbol\/wp-content\/uploads\/2015\/06\/Imago-297672-300x200.jpg 300w, http:\/\/desarrollo.grupomedios.com\/futbol\/wp-content\/uploads\/2015\/06\/Imago-297672-1024x683.jpg 1024w\" sizes=\"(max-width: 650px) 100vw, 650px\" \/><\/a><\/p>\n<p><strong>Edgar Ben\u00edtez (Toluca)<\/strong> | El <em>P\u00e1jaro<\/em> jug\u00f3 en Toluca desde el Apertura 2012, de manera sorpresiva los <em>Diablos<\/em> lo colocaron de \u00faltimo momento en la lista de bajas; lo m\u00e1s raro es que nadie busc\u00f3 los servicios del delantero ya probado en M\u00e9xico.<\/p>\n<p><a href=\"http:\/\/futboltotal.com.mx\/wp-content\/uploads\/2015\/04\/jugadores-apodados-como-animales-FT-edgar-benitez.jpg\"><img decoding=\"async\" loading=\"lazy\" class=\"alignnone wp-image-274272 size-full\" src=\"http:\/\/futboltotal.com.mx\/wp-content\/uploads\/2015\/04\/jugadores-apodados-como-animales-FT-edgar-benitez.jpg\" alt=\"10 futbolistas que ya no veremos en la Liga MX 6\" \/><\/a><\/p>\n<p><strong>V\u00edctor Monta\u00f1o (Toluca)<\/strong> | El delantero colombiano arrib\u00f3 a la<strong> Liga MX<\/strong> como soluci\u00f3n en el ataque de los <em>Diablos<\/em>, con el paso de los d\u00edas no demostr\u00f3 su verdadero nivel por lo que apenas sum\u00f3 341 minutos, mismos que no le alcanzaron para mantenerse en M\u00e9xico.<\/p>\n<p><a href=\"http:\/\/futboltotal.com.mx\/wp-content\/uploads\/2015\/02\/victor-hugo-montano.jpg\"><img decoding=\"async\" loading=\"lazy\" class=\"alignnone wp-image-260348 size-full\" src=\"http:\/\/futboltotal.com.mx\/wp-content\/uploads\/2015\/02\/victor-hugo-montano.jpg\" alt=\"10 futbolistas que ya no veremos en la Liga MX 7\" \/><\/a><\/p>\n<p><strong>Ignacio Canuto (Le\u00f3n)<\/strong> | El defensa argentino disput\u00f3 856 minutos en la campa\u00f1a anterior con <em>La Fiera,<\/em> pero ante la mirada de Pizzi, eso no fue suficiente para darle continuidad en la Liga, as\u00ed mismo lo pensaron el resto de los 17 equipos.<\/p>\n<p><a href=\"http:\/\/futboltotal.com.mx\/wp-content\/uploads\/2015\/06\/Imago-277792.jpg\"><img decoding=\"async\" loading=\"lazy\" class=\"alignnone wp-image-284893\" src=\"http:\/\/futboltotal.com.mx\/wp-content\/uploads\/2015\/06\/Imago-277792.jpg\" alt=\"Imago-277792\" srcset=\"http:\/\/desarrollo.grupomedios.com\/futbol\/wp-content\/uploads\/2015\/06\/Imago-277792.jpg 3060w, http:\/\/desarrollo.grupomedios.com\/futbol\/wp-content\/uploads\/2015\/06\/Imago-277792-300x200.jpg 300w, http:\/\/desarrollo.grupomedios.com\/futbol\/wp-content\/uploads\/2015\/06\/Imago-277792-1024x683.jpg 1024w\" sizes=\"(max-width: 650px) 100vw, 650px\" \/><\/a><\/p>\n<p><strong>Gonzalo D\u00edaz (Am\u00e9rica)<\/strong> | El atacante argentino se lesion\u00f3 hace m\u00e1s de seis meses por lo que tuvo que parar un rato del futbol, al ya estar recuperado se esperaba que las <em>\u00c1guilas<\/em> le dieran otro chance, pero no fue as\u00ed. El buen nivel que mostr\u00f3 en su paso por M\u00e9xico no fue suiciente para verlo de regreso para el Apertura 2015.<\/p>\n<p><a href=\"http:\/\/futboltotal.com.mx\/wp-content\/uploads\/2014\/12\/DIAZ_LESION_AMERICA.jpg\"><img decoding=\"async\" loading=\"lazy\" class=\"alignnone size-full wp-image-246059\" src=\"http:\/\/futboltotal.com.mx\/wp-content\/uploads\/2014\/12\/DIAZ_LESION_AMERICA.jpg\" alt=\"DIAZ_LESION_AMERICA\" srcset=\"http:\/\/desarrollo.grupomedios.com\/futbol\/wp-content\/uploads\/2014\/12\/DIAZ_LESION_AMERICA.jpg 650w, http:\/\/desarrollo.grupomedios.com\/futbol\/wp-content\/uploads\/2014\/12\/DIAZ_LESION_AMERICA-132x88.jpg 132w, http:\/\/desarrollo.grupomedios.com\/futbol\/wp-content\/uploads\/2014\/12\/DIAZ_LESION_AMERICA-95x63.jpg 95w, http:\/\/desarrollo.grupomedios.com\/futbol\/wp-content\/uploads\/2014\/12\/DIAZ_LESION_AMERICA-182x122.jpg 182w, http:\/\/desarrollo.grupomedios.com\/futbol\/wp-content\/uploads\/2014\/12\/DIAZ_LESION_AMERICA-205x136.jpg 205w, http:\/\/desarrollo.grupomedios.com\/futbol\/wp-content\/uploads\/2014\/12\/DIAZ_LESION_AMERICA-420x280.jpg 420w\" sizes=\"(max-width: 650px) 100vw, 650px\" \/><\/a><\/p>\n","protected":false},"excerpt":{"rendered":"<p>No encontraron acomodo en el Draft; solo les queda arreglarse con su club<\/p>\n","protected":false},"author":20,"featured_media":284897,"comment_status":"open","ping_status":"open","sticky":false,"template":"","format":"standard","meta":[],"categories":[2198,3845],"tags":[5959,3749,5975],"_links":{"self":[{"href":"http:\/\/desarrollo.grupomedios.com\/futbol\/wp-json\/wp\/v2\/posts\/284880"}],"collection":[{"href":"http:\/\/desarrollo.grupomedios.com\/futbol\/wp-json\/wp\/v2\/posts"}],"about":[{"href":"http:\/\/desarrollo.grupomedios.com\/futbol\/wp-json\/wp\/v2\/types\/post"}],"author":[{"embeddable":true,"href":"http:\/\/desarrollo.grupomedios.com\/futbol\/wp-json\/wp\/v2\/users\/20"}],"replies":[{"embeddable":true,"href":"http:\/\/desarrollo.grupomedios.com\/futbol\/wp-json\/wp\/v2\/comments?post=284880"}],"version-history":[{"count":0,"href":"http:\/\/desarrollo.grupomedios.com\/futbol\/wp-json\/wp\/v2\/posts\/284880\/revisions"}],"wp:featuredmedia":[{"embeddable":true,"href":"http:\/\/desarrollo.grupomedios.com\/futbol\/wp-json\/wp\/v2\/media\/284897"}],"wp:attachment":[{"href":"http:\/\/desarrollo.grupomedios.com\/futbol\/wp-json\/wp\/v2\/media?parent=284880"}],"wp:term":[{"taxonomy":"category","embeddable":true,"href":"http:\/\/desarrollo.grupomedios.com\/futbol\/wp-json\/wp\/v2\/categories?post=284880"},{"taxonomy":"post_tag","embeddable":true,"href":"http:\/\/desarrollo.grupomedios.com\/futbol\/wp-json\/wp\/v2\/tags?post=284880"}],"curies":[{"name":"wp","href":"https:\/\/api.w.org\/{rel}","templated":true}]}}