{"id":284889,"date":"2015-06-11T13:53:25","date_gmt":"2015-06-11T18:53:25","guid":{"rendered":"http:\/\/futboltotal.com.mx\/?p=284889"},"modified":"2015-06-16T15:15:40","modified_gmt":"2015-06-16T20:15:40","slug":"cavani-cree-que-jamaica-esta-en-africa","status":"publish","type":"post","link":"http:\/\/desarrollo.grupomedios.com\/futbol\/videos\/cavani-cree-que-jamaica-esta-en-africa\/2015\/06","title":{"rendered":"Cavani cree que Jamaica est\u00e1 en \u00c1frica"},"content":{"rendered":"<p>El delantero uruguayo Edinson Cavani cometi\u00f3 una pifia en rueda de prensa previo al arranque de la <strong>Copa Am\u00e9rica 2015 <\/strong>en la que confundi\u00f3 la ubicaci\u00f3n geogr\u00e1fica de Jamaica, su rival en el Grupo B, y asegur\u00f3 que se encontraba en Africa. El desliz fue tal, que tuvo que publicar un <em>tweet<\/em> para ofrecer disculpas mediante un comunicado.<\/p>\n<blockquote class=\"twitter-tweet\" lang=\"es\">\n<p dir=\"ltr\" lang=\"es\">Antes que nada quiero disculparme con Jamaica y su gente. En mi mente hice una comparaci\u00f3n entre los estilos&#8230; <a href=\"http:\/\/t.co\/sX2jijEm3X\">pic.twitter.com\/sX2jijEm3X<\/a><\/p>\n<p>\u2014 Edi Cavani Official (@ECavaniOfficial) <a href=\"https:\/\/twitter.com\/ECavaniOfficial\/status\/609058710409854976\">junio 11, 2015<\/a><\/p><\/blockquote>\n<p><script src=\"\/\/platform.twitter.com\/widgets.js\" async=\"\" charset=\"utf-8\"><\/script><\/p>\n<p><iframe loading=\"lazy\" src=\"https:\/\/www.youtube.com\/embed\/eZCQa_Z3umg\" frameborder=\"0\" allowfullscreen><\/iframe><\/p>\n","protected":false},"excerpt":{"rendered":"<p>El delantero charr\u00faa ofreci\u00f3 disculpas tras la pifia cometida en rueda de prensa<\/p>\n","protected":false},"author":20,"featured_media":284899,"comment_status":"open","ping_status":"open","sticky":false,"template":"","format":"standard","meta":[],"categories":[3839,3844,4],"tags":[2449,2130],"_links":{"self":[{"href":"http:\/\/desarrollo.grupomedios.com\/futbol\/wp-json\/wp\/v2\/posts\/284889"}],"collection":[{"href":"http:\/\/desarrollo.grupomedios.com\/futbol\/wp-json\/wp\/v2\/posts"}],"about":[{"href":"http:\/\/desarrollo.grupomedios.com\/futbol\/wp-json\/wp\/v2\/types\/post"}],"author":[{"embeddable":true,"href":"http:\/\/desarrollo.grupomedios.com\/futbol\/wp-json\/wp\/v2\/users\/20"}],"replies":[{"embeddable":true,"href":"http:\/\/desarrollo.grupomedios.com\/futbol\/wp-json\/wp\/v2\/comments?post=284889"}],"version-history":[{"count":0,"href":"http:\/\/desarrollo.grupomedios.com\/futbol\/wp-json\/wp\/v2\/posts\/284889\/revisions"}],"wp:featuredmedia":[{"embeddable":true,"href":"http:\/\/desarrollo.grupomedios.com\/futbol\/wp-json\/wp\/v2\/media\/284899"}],"wp:attachment":[{"href":"http:\/\/desarrollo.grupomedios.com\/futbol\/wp-json\/wp\/v2\/media?parent=284889"}],"wp:term":[{"taxonomy":"category","embeddable":true,"href":"http:\/\/desarrollo.grupomedios.com\/futbol\/wp-json\/wp\/v2\/categories?post=284889"},{"taxonomy":"post_tag","embeddable":true,"href":"http:\/\/desarrollo.grupomedios.com\/futbol\/wp-json\/wp\/v2\/tags?post=284889"}],"curies":[{"name":"wp","href":"https:\/\/api.w.org\/{rel}","templated":true}]}}