{"id":284954,"date":"2015-06-11T17:10:14","date_gmt":"2015-06-11T22:10:14","guid":{"rendered":"http:\/\/futboltotal.com.mx\/?p=284954"},"modified":"2015-06-11T17:10:14","modified_gmt":"2015-06-11T22:10:14","slug":"pachuca-traera-a-dos-jugadores-de-europa","status":"publish","type":"post","link":"http:\/\/desarrollo.grupomedios.com\/futbol\/futbol-mexicano\/pachuca-traera-a-dos-jugadores-de-europa\/2015\/06","title":{"rendered":"Pachuca traer\u00e1 a dos jugadores de Europa"},"content":{"rendered":"<p><a href=\"http:\/\/futboltotal.com.mx\/equipos\/pachuca\/\" target=\"_blank\"><strong>Pachuca<\/strong><\/a> a\u00fan busca refuerzos de cara al <strong>Apertura 2015<\/strong> de la <strong>Liga MX,<\/strong> motivo por el cual ya planean la contrataci\u00f3n de dos jugadores que militan en el futbol de Europa.<\/p>\n<p>Jes\u00fas Mart\u00ednez, presidente del <strong>Pachuca<\/strong>, dio a conocer que los futbolistas que tienen en mente son \u201cmuy buenos\u201d y a m\u00e1s tardar la pr\u00f3xima semana podr\u00edan ser presentados con el club.<\/p>\n<p>&#8220;Estamos buscando, nos sobran dos plazas y vienen dos muy buenos\u00a0jugadores, dos\u00a0jugadores\u00a0que est\u00e1n en el\u00a0futbol\u00a0de Europa&#8221;, dijo Mart\u00ednez, quien asever\u00f3 que ninguno de ellos ser\u00e1 mexicano.<\/p>\n<p>&#8220;Son\u00a0extranjeros, estamos esperando la resoluci\u00f3n tanto del\u00a0club, con uno de los dos ya estamos\u00a0arreglados\u00a0y nos falta arreglar al\u00a0jugador, pero son dos grandes jugadores&#8221;, puntualiz\u00f3.<\/p>\n<p><a href=\"http:\/\/futboltotal.com.mx\/2015\/06\/futbol-de-estufa-apertura-2015\/\" target=\"_blank\"><strong>Pachuca contrat\u00f3 en el Draft <\/strong><\/a>a Francisco Flores (Chivas), Omar Esparza (Chivas) y Hugo Rodr\u00edguez (Tigres).<\/p>\n","protected":false},"excerpt":{"rendered":"<p>Ambos militan en ligas del Viejo Continente y no ser\u00edan mexicanos<\/p>\n","protected":false},"author":20,"featured_media":284956,"comment_status":"open","ping_status":"open","sticky":false,"template":"","format":"standard","meta":[],"categories":[2198,3845],"tags":[3749,5968],"_links":{"self":[{"href":"http:\/\/desarrollo.grupomedios.com\/futbol\/wp-json\/wp\/v2\/posts\/284954"}],"collection":[{"href":"http:\/\/desarrollo.grupomedios.com\/futbol\/wp-json\/wp\/v2\/posts"}],"about":[{"href":"http:\/\/desarrollo.grupomedios.com\/futbol\/wp-json\/wp\/v2\/types\/post"}],"author":[{"embeddable":true,"href":"http:\/\/desarrollo.grupomedios.com\/futbol\/wp-json\/wp\/v2\/users\/20"}],"replies":[{"embeddable":true,"href":"http:\/\/desarrollo.grupomedios.com\/futbol\/wp-json\/wp\/v2\/comments?post=284954"}],"version-history":[{"count":0,"href":"http:\/\/desarrollo.grupomedios.com\/futbol\/wp-json\/wp\/v2\/posts\/284954\/revisions"}],"wp:featuredmedia":[{"embeddable":true,"href":"http:\/\/desarrollo.grupomedios.com\/futbol\/wp-json\/wp\/v2\/media\/284956"}],"wp:attachment":[{"href":"http:\/\/desarrollo.grupomedios.com\/futbol\/wp-json\/wp\/v2\/media?parent=284954"}],"wp:term":[{"taxonomy":"category","embeddable":true,"href":"http:\/\/desarrollo.grupomedios.com\/futbol\/wp-json\/wp\/v2\/categories?post=284954"},{"taxonomy":"post_tag","embeddable":true,"href":"http:\/\/desarrollo.grupomedios.com\/futbol\/wp-json\/wp\/v2\/tags?post=284954"}],"curies":[{"name":"wp","href":"https:\/\/api.w.org\/{rel}","templated":true}]}}