{"id":285050,"date":"2015-06-12T07:44:24","date_gmt":"2015-06-12T12:44:24","guid":{"rendered":"http:\/\/futboltotal.com.mx\/?p=285050"},"modified":"2015-06-12T07:53:47","modified_gmt":"2015-06-12T12:53:47","slug":"nino-llora-al-conocer-a-su-idolo-isco","status":"publish","type":"post","link":"http:\/\/desarrollo.grupomedios.com\/futbol\/videos\/nino-llora-al-conocer-a-su-idolo-isco\/2015\/06","title":{"rendered":"Ni\u00f1o llora al conocer a su \u00eddolo, Isco"},"content":{"rendered":"<p>Est\u00e1 claro que los futbolistas son ejemplos a seguir. Hay momentos que dejan marcada la vida de un ni\u00f1o y por eso los jugadores est\u00e1n en un pedestal tan alto, sobre todo cuando cumplen sue\u00f1os y hacen que un momento normal se transforme en un instante para recordar toda la vida. Eso fue lo que le ocurri\u00f3 a Isco, justo al terminar el entrenamiento de la selecci\u00f3n de Espa\u00f1a atendi\u00f3 a los fan\u00e1ticos que le esperaban para capturar una foto u obtener el aut\u00f3grafo de la estrella <em>merengue<\/em>.<\/p>\n<p><strong>Un ni\u00f1o no pudo contener la emoci\u00f3n y llor\u00f3 al conocer a su \u00eddolo. <\/strong><strong>\u00a1Un crack Isco!<\/strong> <\/p>\n<p><iframe loading=\"lazy\" src=\"https:\/\/www.youtube.com\/embed\/n97y3leEsUk\" frameborder=\"0\" allowfullscreen><\/iframe><\/p>\n","protected":false},"excerpt":{"rendered":"<p>El futbolista merengue atendi\u00f3 a todos sus fan\u00e1ticos al culminar el entrenamiento <\/p>\n","protected":false},"author":20,"featured_media":285051,"comment_status":"open","ping_status":"open","sticky":false,"template":"","format":"standard","meta":[],"categories":[4],"tags":[253,6071],"_links":{"self":[{"href":"http:\/\/desarrollo.grupomedios.com\/futbol\/wp-json\/wp\/v2\/posts\/285050"}],"collection":[{"href":"http:\/\/desarrollo.grupomedios.com\/futbol\/wp-json\/wp\/v2\/posts"}],"about":[{"href":"http:\/\/desarrollo.grupomedios.com\/futbol\/wp-json\/wp\/v2\/types\/post"}],"author":[{"embeddable":true,"href":"http:\/\/desarrollo.grupomedios.com\/futbol\/wp-json\/wp\/v2\/users\/20"}],"replies":[{"embeddable":true,"href":"http:\/\/desarrollo.grupomedios.com\/futbol\/wp-json\/wp\/v2\/comments?post=285050"}],"version-history":[{"count":0,"href":"http:\/\/desarrollo.grupomedios.com\/futbol\/wp-json\/wp\/v2\/posts\/285050\/revisions"}],"wp:featuredmedia":[{"embeddable":true,"href":"http:\/\/desarrollo.grupomedios.com\/futbol\/wp-json\/wp\/v2\/media\/285051"}],"wp:attachment":[{"href":"http:\/\/desarrollo.grupomedios.com\/futbol\/wp-json\/wp\/v2\/media?parent=285050"}],"wp:term":[{"taxonomy":"category","embeddable":true,"href":"http:\/\/desarrollo.grupomedios.com\/futbol\/wp-json\/wp\/v2\/categories?post=285050"},{"taxonomy":"post_tag","embeddable":true,"href":"http:\/\/desarrollo.grupomedios.com\/futbol\/wp-json\/wp\/v2\/tags?post=285050"}],"curies":[{"name":"wp","href":"https:\/\/api.w.org\/{rel}","templated":true}]}}