{"id":285054,"date":"2015-06-12T07:50:11","date_gmt":"2015-06-12T12:50:11","guid":{"rendered":"http:\/\/futboltotal.com.mx\/?p=285054"},"modified":"2015-06-12T08:05:00","modified_gmt":"2015-06-12T13:05:00","slug":"golazo-de-tijera-de-sergio-ramos","status":"publish","type":"post","link":"http:\/\/desarrollo.grupomedios.com\/futbol\/videos\/golazo-de-tijera-de-sergio-ramos\/2015\/06","title":{"rendered":"\u00a1Golazo de tijera de Sergio Ramos!"},"content":{"rendered":"<p>En el entrenamiento de <strong>Espa\u00f1a<\/strong>, <strong>Sergio Ramos<\/strong> practic\u00f3 y practic\u00f3, hasta que consigui\u00f3 uno de los goles m\u00e1s bellos de la sesi\u00f3n. Luego de un centro medido de Carvajal, el central del Real Madrid midi\u00f3 la esf\u00e9rica y se lanz\u00f3 una pirueta que dej\u00f3 inm\u00f3vil a Iker Casillas. \u00a1Qu\u00e9 golazo de tijera!<\/p>\n<p>Y como era de esperarse, el central de Camas no dud\u00f3 en presumirlo a sus compa\u00f1eros con una sonrisa que demostr\u00f3 el extraordinario ambiente que se vive en la concentraci\u00f3n del combinado ib\u00e9rico.<\/p>\n<p><iframe loading=\"lazy\" src=\"https:\/\/www.youtube.com\/embed\/JNpx-q0Idk0\" frameborder=\"0\" allowfullscreen><\/iframe><\/p>\n","protected":false},"excerpt":{"rendered":"<p>El central mostr\u00f3 sus destrezas a la ofensiva<\/p>\n","protected":false},"author":20,"featured_media":285056,"comment_status":"open","ping_status":"open","sticky":false,"template":"","format":"standard","meta":[],"categories":[4],"tags":[253,6020],"_links":{"self":[{"href":"http:\/\/desarrollo.grupomedios.com\/futbol\/wp-json\/wp\/v2\/posts\/285054"}],"collection":[{"href":"http:\/\/desarrollo.grupomedios.com\/futbol\/wp-json\/wp\/v2\/posts"}],"about":[{"href":"http:\/\/desarrollo.grupomedios.com\/futbol\/wp-json\/wp\/v2\/types\/post"}],"author":[{"embeddable":true,"href":"http:\/\/desarrollo.grupomedios.com\/futbol\/wp-json\/wp\/v2\/users\/20"}],"replies":[{"embeddable":true,"href":"http:\/\/desarrollo.grupomedios.com\/futbol\/wp-json\/wp\/v2\/comments?post=285054"}],"version-history":[{"count":0,"href":"http:\/\/desarrollo.grupomedios.com\/futbol\/wp-json\/wp\/v2\/posts\/285054\/revisions"}],"wp:featuredmedia":[{"embeddable":true,"href":"http:\/\/desarrollo.grupomedios.com\/futbol\/wp-json\/wp\/v2\/media\/285056"}],"wp:attachment":[{"href":"http:\/\/desarrollo.grupomedios.com\/futbol\/wp-json\/wp\/v2\/media?parent=285054"}],"wp:term":[{"taxonomy":"category","embeddable":true,"href":"http:\/\/desarrollo.grupomedios.com\/futbol\/wp-json\/wp\/v2\/categories?post=285054"},{"taxonomy":"post_tag","embeddable":true,"href":"http:\/\/desarrollo.grupomedios.com\/futbol\/wp-json\/wp\/v2\/tags?post=285054"}],"curies":[{"name":"wp","href":"https:\/\/api.w.org\/{rel}","templated":true}]}}