{"id":285168,"date":"2015-06-12T17:00:38","date_gmt":"2015-06-12T22:00:38","guid":{"rendered":"http:\/\/futboltotal.com.mx\/?p=285168"},"modified":"2015-06-12T17:13:36","modified_gmt":"2015-06-12T22:13:36","slug":"samuel-etoo-sigue-en-la-mira-de-la-liga-mx","status":"publish","type":"post","link":"http:\/\/desarrollo.grupomedios.com\/futbol\/futbol-mexicano\/samuel-etoo-sigue-en-la-mira-de-la-liga-mx\/2015\/06","title":{"rendered":"Samuel Eto&#8217;o sigue en la mira de la Liga MX"},"content":{"rendered":"<p><strong>Samuel Eto&#8217;o<\/strong> es el nombre m\u00e1s mencionado \u00faltimamente en el entorno de la <strong>Liga MX<\/strong>; <a href=\"http:\/\/futboltotal.com.mx\/2015\/06\/pachuca-iria-por-samuel-etoo\/\" target=\"_blank\"><strong>primero son\u00f3 para llegar a Pachuca,<\/strong><\/a> pero los \u00faltimos rumores lo colocan cerca de <strong>Monterrey<\/strong>, adem\u00e1s de <strong>Quer\u00e9taro<\/strong>.<\/p>\n<p>Desde Italia circula la informaci\u00f3n de que tanto <em>Rayados<\/em> como <em>Gallos<\/em> preguntaron a la Sampdoria por los servicios de <strong>Samuel Eto&#8217;o.<\/strong> Incluso se dice que el cuadro de la Sultana ya ir\u00eda avanzado en las negociaciones.<\/p>\n<p>Asimismo, se afirma que Quer\u00e9taro tratar\u00e1 de traer al camerun\u00e9s a M\u00e9xico, para que sea su jugador franquicia, ante la cantada salida de Ronaldinho.<\/p>\n<p>Hace unos d\u00edas se dijo que <strong>Pachuca<\/strong> ya estaba en contacto con la Sampdoria para traer a Eto&#8217;o despu\u00e9s el mismo club desminti\u00f3 la informaci\u00f3n, aunque lo m\u00e1s reciente habla de que <a href=\"http:\/\/futboltotal.com.mx\/2015\/06\/pachuca-traera-a-dos-jugadores-de-europa\/\" target=\"_blank\"><strong>los Tuzos traer\u00e1n a dos futbolistas de Europa<\/strong><\/a>, aunque no dieron a conocer los nombres.<\/p>\n<p><strong>Samuel Eto&#8217;o<\/strong> tiene contrato con la Sampdoria hasta 2018, pero situaci\u00f3n en el club no es la mejor por lo que se espera su salida de la Serie A.<\/p>\n","protected":false},"excerpt":{"rendered":"<p>Monterrey y Gallos entrar\u00edan a la puja por el camerun\u00e9s<\/p>\n","protected":false},"author":20,"featured_media":285172,"comment_status":"open","ping_status":"open","sticky":false,"template":"","format":"standard","meta":[],"categories":[2198,3845],"tags":[3749,5354,5968],"_links":{"self":[{"href":"http:\/\/desarrollo.grupomedios.com\/futbol\/wp-json\/wp\/v2\/posts\/285168"}],"collection":[{"href":"http:\/\/desarrollo.grupomedios.com\/futbol\/wp-json\/wp\/v2\/posts"}],"about":[{"href":"http:\/\/desarrollo.grupomedios.com\/futbol\/wp-json\/wp\/v2\/types\/post"}],"author":[{"embeddable":true,"href":"http:\/\/desarrollo.grupomedios.com\/futbol\/wp-json\/wp\/v2\/users\/20"}],"replies":[{"embeddable":true,"href":"http:\/\/desarrollo.grupomedios.com\/futbol\/wp-json\/wp\/v2\/comments?post=285168"}],"version-history":[{"count":0,"href":"http:\/\/desarrollo.grupomedios.com\/futbol\/wp-json\/wp\/v2\/posts\/285168\/revisions"}],"wp:featuredmedia":[{"embeddable":true,"href":"http:\/\/desarrollo.grupomedios.com\/futbol\/wp-json\/wp\/v2\/media\/285172"}],"wp:attachment":[{"href":"http:\/\/desarrollo.grupomedios.com\/futbol\/wp-json\/wp\/v2\/media?parent=285168"}],"wp:term":[{"taxonomy":"category","embeddable":true,"href":"http:\/\/desarrollo.grupomedios.com\/futbol\/wp-json\/wp\/v2\/categories?post=285168"},{"taxonomy":"post_tag","embeddable":true,"href":"http:\/\/desarrollo.grupomedios.com\/futbol\/wp-json\/wp\/v2\/tags?post=285168"}],"curies":[{"name":"wp","href":"https:\/\/api.w.org\/{rel}","templated":true}]}}