{"id":285219,"date":"2015-06-12T16:38:34","date_gmt":"2015-06-12T21:38:34","guid":{"rendered":"http:\/\/futboltotal.com.mx\/?p=285219"},"modified":"2015-06-12T16:42:31","modified_gmt":"2015-06-12T21:42:31","slug":"jackson-martinez-nuevo-jugador-del-milan","status":"publish","type":"post","link":"http:\/\/desarrollo.grupomedios.com\/futbol\/futbol-internacional\/jackson-martinez-nuevo-jugador-del-milan\/2015\/06","title":{"rendered":"Jackson Mart\u00ednez, nuevo jugador del Milan"},"content":{"rendered":"<p>El futbolista colombiano, <strong>Jackson Mart\u00ednez<\/strong>, ha concluido su ciclo con el <strong>Porto<\/strong> y concret\u00f3 su traspaso al conjunto del<strong> Milan<\/strong> por 35 millones de Euros.<\/p>\n<p><strong>Pinto da Costa<\/strong>, presidente del club de los D<em>ragones<\/em>, inform\u00f3 en Porto tv que el traspaso de <strong>Jackson<\/strong> al club<em> rossoneri<\/em> se ha realizado.<\/p>\n<p>&#8220;<strong>Jackson Mart\u00ednez<\/strong> ha elegido al <strong>Milan<\/strong>, quiero que sea feliz\u201d.<\/p>\n<p>A principios de esta semana, el gerente general del conjunto milan\u00e9s, <strong>Adriano Galliani<\/strong>, se reuni\u00f3 con el presidente del club portugu\u00e9s para negociar la salida de <strong>Mart\u00ednez<\/strong> y ficharlo por cuatro temporadas.<\/p>\n<p>El cambio del futbolista era cuesti\u00f3n de d\u00edas, al culminar la campa\u00f1a, el colombiano mencion\u00f3 que ten\u00eda las pretensiones de emigrar a un nuevo club.<\/p>\n<p>&#8220;Antes de irse de vacaciones, <strong>Jackson<\/strong> anunci\u00f3 que quer\u00eda irse&#8221; as\u00ed lo confirm\u00f3 <strong>Pinto da Costa.<\/strong><\/p>\n<p>A pesar de que el exjugador de jaguares ten\u00eda la opci\u00f3n de elegir entre el <strong>Valencia<\/strong> de Espa\u00f1a y el <strong>Arsenal<\/strong> de la <strong>Premier League<\/strong>, su opci\u00f3n fue jugar en la serie A con uno de los equipos hist\u00f3ricos de Italia.<\/p>\n","protected":false},"excerpt":{"rendered":"<p>El colombiano no seguir\u00e1 en las filas del Porto <\/p>\n","protected":false},"author":20,"featured_media":285222,"comment_status":"open","ping_status":"open","sticky":false,"template":"","format":"standard","meta":[],"categories":[3839,3844,3848],"tags":[1630,6039],"_links":{"self":[{"href":"http:\/\/desarrollo.grupomedios.com\/futbol\/wp-json\/wp\/v2\/posts\/285219"}],"collection":[{"href":"http:\/\/desarrollo.grupomedios.com\/futbol\/wp-json\/wp\/v2\/posts"}],"about":[{"href":"http:\/\/desarrollo.grupomedios.com\/futbol\/wp-json\/wp\/v2\/types\/post"}],"author":[{"embeddable":true,"href":"http:\/\/desarrollo.grupomedios.com\/futbol\/wp-json\/wp\/v2\/users\/20"}],"replies":[{"embeddable":true,"href":"http:\/\/desarrollo.grupomedios.com\/futbol\/wp-json\/wp\/v2\/comments?post=285219"}],"version-history":[{"count":0,"href":"http:\/\/desarrollo.grupomedios.com\/futbol\/wp-json\/wp\/v2\/posts\/285219\/revisions"}],"wp:featuredmedia":[{"embeddable":true,"href":"http:\/\/desarrollo.grupomedios.com\/futbol\/wp-json\/wp\/v2\/media\/285222"}],"wp:attachment":[{"href":"http:\/\/desarrollo.grupomedios.com\/futbol\/wp-json\/wp\/v2\/media?parent=285219"}],"wp:term":[{"taxonomy":"category","embeddable":true,"href":"http:\/\/desarrollo.grupomedios.com\/futbol\/wp-json\/wp\/v2\/categories?post=285219"},{"taxonomy":"post_tag","embeddable":true,"href":"http:\/\/desarrollo.grupomedios.com\/futbol\/wp-json\/wp\/v2\/tags?post=285219"}],"curies":[{"name":"wp","href":"https:\/\/api.w.org\/{rel}","templated":true}]}}