{"id":285317,"date":"2015-06-13T11:19:37","date_gmt":"2015-06-13T16:19:37","guid":{"rendered":"http:\/\/futboltotal.com.mx\/?p=285317"},"modified":"2015-06-13T15:01:43","modified_gmt":"2015-06-13T20:01:43","slug":"rivaldo-felicito-a-luis-enrique-por-su-campana","status":"publish","type":"post","link":"http:\/\/desarrollo.grupomedios.com\/futbol\/uncategorized\/rivaldo-felicito-a-luis-enrique-por-su-campana\/2015\/06","title":{"rendered":"Rivaldo felicit\u00f3 a Luis Enrique por su campa\u00f1a"},"content":{"rendered":"<p>Las muestras de admiraci\u00f3n hacia el entrenador del<strong> Barcelona<\/strong>, <strong>Luis Enrique<\/strong>, no paran de llegar. A esta gran lista felicitaciones se ha sumado la del ex futbolista blaugrana <strong>Rivaldo<\/strong>.<\/p>\n<p>A trav\u00e9s de su cuenta de <strong>Instagram<\/strong>, el brasile\u00f1o felicit\u00f3 a su ex compa\u00f1ero de equipo. En un mensaje emotivo, agradeci\u00f3 \u00a0al t\u00e9cnico catal\u00e1n por la grandiosa campa\u00f1a que realiz\u00f3 a pesar de haber tenido un inicio complicado. Destac\u00f3 que la determinaci\u00f3n de su trabajo fue la clave para obtener estos grandes resultados.<\/p>\n<p>&#8220;Me gustar\u00eda felicitarte a ti, <strong>Luis Enrique<\/strong>, por todo lo que has hecho por el Barcelona este a\u00f1o. El inicio fue dif\u00edcil pero t\u00fa, como siempre con mucha determinaci\u00f3n en tu trabajo, conseguiste superar todos los obst\u00e1culos&#8221;. Te mereces todo lo bueno por la persona maravillosa que siempre fuiste. Que Dios te continue bendiciendo a ti y tu familia. Cualquier d\u00eda de estos me voy a Barcelona a darte un abrazo&#8221;.<\/p>\n","protected":false},"excerpt":{"rendered":"<p>Rivaldo agradece la temporada del Barcelona<\/p>\n","protected":false},"author":20,"featured_media":285394,"comment_status":"open","ping_status":"open","sticky":false,"template":"","format":"standard","meta":[],"categories":[3839,3844,1],"tags":[5984,4051],"_links":{"self":[{"href":"http:\/\/desarrollo.grupomedios.com\/futbol\/wp-json\/wp\/v2\/posts\/285317"}],"collection":[{"href":"http:\/\/desarrollo.grupomedios.com\/futbol\/wp-json\/wp\/v2\/posts"}],"about":[{"href":"http:\/\/desarrollo.grupomedios.com\/futbol\/wp-json\/wp\/v2\/types\/post"}],"author":[{"embeddable":true,"href":"http:\/\/desarrollo.grupomedios.com\/futbol\/wp-json\/wp\/v2\/users\/20"}],"replies":[{"embeddable":true,"href":"http:\/\/desarrollo.grupomedios.com\/futbol\/wp-json\/wp\/v2\/comments?post=285317"}],"version-history":[{"count":0,"href":"http:\/\/desarrollo.grupomedios.com\/futbol\/wp-json\/wp\/v2\/posts\/285317\/revisions"}],"wp:featuredmedia":[{"embeddable":true,"href":"http:\/\/desarrollo.grupomedios.com\/futbol\/wp-json\/wp\/v2\/media\/285394"}],"wp:attachment":[{"href":"http:\/\/desarrollo.grupomedios.com\/futbol\/wp-json\/wp\/v2\/media?parent=285317"}],"wp:term":[{"taxonomy":"category","embeddable":true,"href":"http:\/\/desarrollo.grupomedios.com\/futbol\/wp-json\/wp\/v2\/categories?post=285317"},{"taxonomy":"post_tag","embeddable":true,"href":"http:\/\/desarrollo.grupomedios.com\/futbol\/wp-json\/wp\/v2\/tags?post=285317"}],"curies":[{"name":"wp","href":"https:\/\/api.w.org\/{rel}","templated":true}]}}