{"id":285476,"date":"2015-06-13T18:52:48","date_gmt":"2015-06-13T23:52:48","guid":{"rendered":"http:\/\/futboltotal.com.mx\/?p=285476"},"modified":"2015-06-13T18:52:47","modified_gmt":"2015-06-13T23:52:47","slug":"mexico-cae-en-su-segundo-encuentro-en-canada-2015","status":"publish","type":"post","link":"http:\/\/desarrollo.grupomedios.com\/futbol\/destacado-home\/mexico-cae-en-su-segundo-encuentro-en-canada-2015\/2015\/06","title":{"rendered":"M\u00e9xico cae en su segundo encuentro en Canad\u00e1 2015"},"content":{"rendered":"<p>La <a href=\"http:\/\/www.futboltotal.com.mx\/futbol-mexicano\/seleccion-mexicana\/\" target=\"_blank\"><strong>Selecci\u00f3n Mexicana<\/strong><\/a> femenil cay\u00f3 ante su similar de Inglaterra, en la segunda jornada del Grupo F. Ambas selecciones buscaban sumar puntos, ya que Colombia venci\u00f3 a Francia y encabezaba al sector.<\/p>\n<p>Este partido se mantuvo r\u00edspido y parejo durante gran parte del partido, donde la guardameta Cecilia Santiago, se manten\u00eda como la figura del encuentro.<\/p>\n<p>Todo cambio cuando al 70&#8242;, Kirby anot\u00f3 el primero para Inglaterra, del que ya no se pudo reponer M\u00e9xico. Al 80&#8242;, las inglesas marcaron el segundo, y en cuando agonizaba el partido, Ibarra descont\u00f3, pero ya no le alcanz\u00f3 a las mexicanas.<\/p>\n<p><a href=\"http:\/\/futboltotal.com.mx\/2015\/06\/en-vivo-mexico-vs-inglaterra-mundial-femenil-2\/\" target=\"_blank\"><strong>As\u00ed lo vivimos<\/strong><\/a>.<\/p>\n","protected":false},"excerpt":{"rendered":"<p>La Selecci\u00f3n Mexicana no pudo superar su segundo reto del Mundial Femenil<\/p>\n","protected":false},"author":20,"featured_media":285535,"comment_status":"open","ping_status":"open","sticky":false,"template":"","format":"standard","meta":[],"categories":[5,2198,3847],"tags":[4501],"_links":{"self":[{"href":"http:\/\/desarrollo.grupomedios.com\/futbol\/wp-json\/wp\/v2\/posts\/285476"}],"collection":[{"href":"http:\/\/desarrollo.grupomedios.com\/futbol\/wp-json\/wp\/v2\/posts"}],"about":[{"href":"http:\/\/desarrollo.grupomedios.com\/futbol\/wp-json\/wp\/v2\/types\/post"}],"author":[{"embeddable":true,"href":"http:\/\/desarrollo.grupomedios.com\/futbol\/wp-json\/wp\/v2\/users\/20"}],"replies":[{"embeddable":true,"href":"http:\/\/desarrollo.grupomedios.com\/futbol\/wp-json\/wp\/v2\/comments?post=285476"}],"version-history":[{"count":0,"href":"http:\/\/desarrollo.grupomedios.com\/futbol\/wp-json\/wp\/v2\/posts\/285476\/revisions"}],"wp:featuredmedia":[{"embeddable":true,"href":"http:\/\/desarrollo.grupomedios.com\/futbol\/wp-json\/wp\/v2\/media\/285535"}],"wp:attachment":[{"href":"http:\/\/desarrollo.grupomedios.com\/futbol\/wp-json\/wp\/v2\/media?parent=285476"}],"wp:term":[{"taxonomy":"category","embeddable":true,"href":"http:\/\/desarrollo.grupomedios.com\/futbol\/wp-json\/wp\/v2\/categories?post=285476"},{"taxonomy":"post_tag","embeddable":true,"href":"http:\/\/desarrollo.grupomedios.com\/futbol\/wp-json\/wp\/v2\/tags?post=285476"}],"curies":[{"name":"wp","href":"https:\/\/api.w.org\/{rel}","templated":true}]}}