{"id":285640,"date":"2015-06-14T11:08:02","date_gmt":"2015-06-14T16:08:02","guid":{"rendered":"http:\/\/futboltotal.com.mx\/?p=285640"},"modified":"2015-06-14T11:08:02","modified_gmt":"2015-06-14T16:08:02","slug":"sergio-ramos-en-la-orbita-del-manchester-united","status":"publish","type":"post","link":"http:\/\/desarrollo.grupomedios.com\/futbol\/futbol-internacional\/sergio-ramos-en-la-orbita-del-manchester-united\/2015\/06","title":{"rendered":"Sergio Ramos, en la \u00f3rbita del Manchester United"},"content":{"rendered":"<p>El defensa del <strong>Real Madrid<\/strong>, <strong>Sergio Ramos<\/strong>, es vinculado por la prensa brit\u00e1nica en la \u00f3rbita del <strong>Manchester United<\/strong>. El equipo ingl\u00e9s estar\u00eda dispuesto a pagarle el doble de lo que le ofrece el conjunto <em>blanco.<\/em><\/p>\n<p>A pesar de que el contrato que vincula a Ramos con el club <em>merengue<\/em> vence hasta el 30 de junio del 2017, la salida del equipo madridista puede ser probable. La raz\u00f3n, sel central ha negociado un aumento en su salario por ser uno de los pilares fundamentales en el once <em>gal\u00e1ctico<\/em>, sin embargo, la propuesta ha sido rechazada por los directivos del Madrid.<\/p>\n<p>Ante esta situaci\u00f3n, varios equipos ingleses est\u00e1n en busca de hacerse de sus servicios. El \u00faltimo que levant\u00f3 la mano por el jugador fue el <strong>Manchester United<\/strong>.\u00a0De acuerdo al\u00a0<em>Daily Star<\/em>, los<em>\u00a0Diablos Rojos<\/em> estar\u00edan dispuestos a pagar hasta 37 millones de euros por adquirir al jugador espa\u00f1ol.\u00a0Otros equipos interesados son el\u00a0<strong>Chelsea<\/strong> de Mourinho y el <strong>Manchester City<\/strong> de Pellegrini.<\/p>\n","protected":false},"excerpt":{"rendered":"<p>Los Red Devils pagar\u00edan hasta 37 millones de euros<\/p>\n","protected":false},"author":20,"featured_media":285645,"comment_status":"open","ping_status":"open","sticky":false,"template":"","format":"standard","meta":[],"categories":[3839,3846],"tags":[43,6020],"_links":{"self":[{"href":"http:\/\/desarrollo.grupomedios.com\/futbol\/wp-json\/wp\/v2\/posts\/285640"}],"collection":[{"href":"http:\/\/desarrollo.grupomedios.com\/futbol\/wp-json\/wp\/v2\/posts"}],"about":[{"href":"http:\/\/desarrollo.grupomedios.com\/futbol\/wp-json\/wp\/v2\/types\/post"}],"author":[{"embeddable":true,"href":"http:\/\/desarrollo.grupomedios.com\/futbol\/wp-json\/wp\/v2\/users\/20"}],"replies":[{"embeddable":true,"href":"http:\/\/desarrollo.grupomedios.com\/futbol\/wp-json\/wp\/v2\/comments?post=285640"}],"version-history":[{"count":0,"href":"http:\/\/desarrollo.grupomedios.com\/futbol\/wp-json\/wp\/v2\/posts\/285640\/revisions"}],"wp:featuredmedia":[{"embeddable":true,"href":"http:\/\/desarrollo.grupomedios.com\/futbol\/wp-json\/wp\/v2\/media\/285645"}],"wp:attachment":[{"href":"http:\/\/desarrollo.grupomedios.com\/futbol\/wp-json\/wp\/v2\/media?parent=285640"}],"wp:term":[{"taxonomy":"category","embeddable":true,"href":"http:\/\/desarrollo.grupomedios.com\/futbol\/wp-json\/wp\/v2\/categories?post=285640"},{"taxonomy":"post_tag","embeddable":true,"href":"http:\/\/desarrollo.grupomedios.com\/futbol\/wp-json\/wp\/v2\/tags?post=285640"}],"curies":[{"name":"wp","href":"https:\/\/api.w.org\/{rel}","templated":true}]}}