{"id":285724,"date":"2015-06-14T15:50:46","date_gmt":"2015-06-14T20:50:46","guid":{"rendered":"http:\/\/futboltotal.com.mx\/?p=285724"},"modified":"2015-06-14T16:29:23","modified_gmt":"2015-06-14T21:29:23","slug":"venezuela-da-el-primer-batacazo-de-la-copa-america","status":"publish","type":"post","link":"http:\/\/desarrollo.grupomedios.com\/futbol\/destacado-home\/venezuela-da-el-primer-batacazo-de-la-copa-america\/2015\/06","title":{"rendered":"Venezuela, con la primera sorpresa de la Copa Am\u00e9rica"},"content":{"rendered":"<p><strong>Venezuela<\/strong> entreg\u00f3 la primera gran sorpresa de la Copa Am\u00e9rica. <em>La Vino Tinto<\/em> con se rob\u00f3 los tres puntos gracias al gol de Salom\u00f3n Rond\u00f3n y al buen juego desplegado ante una decepcionante Colombia. <\/p>\n<p>Un <strong>batacazo<\/strong> el que recibi\u00f3 Colombia. Una selecci\u00f3n que lleg\u00f3 a la edici\u00f3n 44 del torneo como una de los favoritas y un comienzo de ensue\u00f1o para Venezuela, que en Chile quiere mucho m\u00e1s que el cuarto puesto obtenido hace cuatro a\u00f1os en Argentina.<\/p>\n<p>Venezuela hizo pasar un primer tiempo de absoluta intrascendencia a Colombia, pues sus principales referentes ofensivos, James Rodr\u00edguez, Falcao, Carlos Bacca y Juan Cuadrado nunca se encontraron para inquietar la porter\u00eda de Alain Baroja. La fortaleza f\u00edsica de Osvaldo Vizcarrondo en el centro de la defensa, Fernando Amorebieta desde la banda izquierda y Tom\u00e1s Rinc\u00f3n en la primera l\u00ednea del centro de la cancha llevaron por el camino de la amargura a los colombianos.<\/p>\n<p>Desconectados arriba los colombianos y asfixiados en la mitad, Venezuela tuvo las m\u00e1s claras acciones de la primera mitad, haciendo figura al guardameta David Ospina, que desarm\u00f3 sendos remates de Vargas y Guerra.<\/p>\n<p>A los colombianos el mayor \u00edmpetu no les result\u00f3 suficiente en el segundo tiempo porque con menos Venezuela hizo m\u00e1s da\u00f1o, como el remate al poste de Rond\u00f3n tras un centro diagonal a los 55 minutos. Rond\u00f3n contar\u00eda con otra oportunidad y esa no la iba a desperdiciar.El mismo verdugo que castig\u00f3 a los colombianos en las eliminatorias del Mundial en 2013 puso a celebrar a todo un pa\u00eds. Doble cabezazo en el \u00e1rea y el lance de Ospina fue in\u00fatil. <\/p>\n<p>Colombia sigui\u00f3 ausente, con escasas acciones y nulo tino. Te\u00f3filo, en dos ocasiones, James y Jackson Mart\u00ednez, en otra, exigieron al m\u00e1ximo a Baroja, pero el marcador no se modific\u00f3.<\/p>\n<p><iframe loading=\"lazy\" src=\"https:\/\/www.youtube.com\/embed\/47uQLHtLls8\" frameborder=\"0\" allowfullscreen><\/iframe><\/p>\n","protected":false},"excerpt":{"rendered":"<p>Los colombianos se vieron superados por la m\u00ednima en Rancagua<\/p>\n","protected":false},"author":20,"featured_media":285725,"comment_status":"open","ping_status":"open","sticky":false,"template":"","format":"standard","meta":[],"categories":[5516,5],"tags":[2130,633],"_links":{"self":[{"href":"http:\/\/desarrollo.grupomedios.com\/futbol\/wp-json\/wp\/v2\/posts\/285724"}],"collection":[{"href":"http:\/\/desarrollo.grupomedios.com\/futbol\/wp-json\/wp\/v2\/posts"}],"about":[{"href":"http:\/\/desarrollo.grupomedios.com\/futbol\/wp-json\/wp\/v2\/types\/post"}],"author":[{"embeddable":true,"href":"http:\/\/desarrollo.grupomedios.com\/futbol\/wp-json\/wp\/v2\/users\/20"}],"replies":[{"embeddable":true,"href":"http:\/\/desarrollo.grupomedios.com\/futbol\/wp-json\/wp\/v2\/comments?post=285724"}],"version-history":[{"count":0,"href":"http:\/\/desarrollo.grupomedios.com\/futbol\/wp-json\/wp\/v2\/posts\/285724\/revisions"}],"wp:featuredmedia":[{"embeddable":true,"href":"http:\/\/desarrollo.grupomedios.com\/futbol\/wp-json\/wp\/v2\/media\/285725"}],"wp:attachment":[{"href":"http:\/\/desarrollo.grupomedios.com\/futbol\/wp-json\/wp\/v2\/media?parent=285724"}],"wp:term":[{"taxonomy":"category","embeddable":true,"href":"http:\/\/desarrollo.grupomedios.com\/futbol\/wp-json\/wp\/v2\/categories?post=285724"},{"taxonomy":"post_tag","embeddable":true,"href":"http:\/\/desarrollo.grupomedios.com\/futbol\/wp-json\/wp\/v2\/tags?post=285724"}],"curies":[{"name":"wp","href":"https:\/\/api.w.org\/{rel}","templated":true}]}}