{"id":285751,"date":"2015-06-14T17:18:27","date_gmt":"2015-06-14T22:18:27","guid":{"rendered":"http:\/\/futboltotal.com.mx\/?p=285751"},"modified":"2015-06-14T17:19:06","modified_gmt":"2015-06-14T22:19:06","slug":"las-nuevas-playeras-del-america","status":"publish","type":"post","link":"http:\/\/desarrollo.grupomedios.com\/futbol\/futbol-mexicano\/las-nuevas-playeras-del-america\/2015\/06","title":{"rendered":"\u00bfLas nuevas playeras del Am\u00e9rica?"},"content":{"rendered":"<p>Primero circul\u00f3 la que ser\u00eda <a href=\"http:\/\/futboltotal.com.mx\/2015\/05\/la-nueva-playera-del-america\/\">la nueva playera del <b>Am\u00e9rica<\/b><\/a> para la pr\u00f3xima temporada. Despu\u00e9s apareci\u00f3 la posible <a href=\"http:\/\/futboltotal.com.mx\/2015\/05\/filtran-segunda-playera-del-america\/\">camiseta de visitante de las <i>\u00c1guilas<\/i><\/a>, en ambas se presum\u00eda un dise\u00f1o similar y parec\u00eda que se confirmaba el nuevo dise\u00f1o del cuadro americanista.<\/p>\n<p>Sin embargo, este domingo circulan las que ser\u00edan (posiblemente) las tres playeras del <strong>Am\u00e9rica<\/strong> para el<strong> Apertura 2015<\/strong>. Los nuevos modelos -similares a los anteriores-\u00a0se distinguen por una franja horizontal sobre el pecho y destaca que se mantiene la marca Huawei, empresa de telecomunicaciones con alcance global que firm\u00f3 el pasado mes de febrero firm\u00f3 una alianza por tres a\u00f1os con las <i>\u00c1guilas<\/i>, estar\u00e1 en el centro del jersey sustituyendo a Bimbo.<\/p>\n<p><a href=\"http:\/\/futboltotal.com.mx\/wp-content\/uploads\/2015\/06\/playeras_america_apertura_2015.jpg\"><img decoding=\"async\" loading=\"lazy\" class=\"aligncenter size-full wp-image-285755\" src=\"http:\/\/futboltotal.com.mx\/wp-content\/uploads\/2015\/06\/playeras_america_apertura_2015.jpg\" alt=\"playeras_america_apertura_2015\" srcset=\"http:\/\/desarrollo.grupomedios.com\/futbol\/wp-content\/uploads\/2015\/06\/playeras_america_apertura_2015.jpg 500w, http:\/\/desarrollo.grupomedios.com\/futbol\/wp-content\/uploads\/2015\/06\/playeras_america_apertura_2015-300x173.jpg 300w\" sizes=\"(max-width: 500px) 100vw, 500px\" \/><\/a><\/p>\n<p>Los colores de las posibles nuevas playeras del <strong>Am\u00e9rica<\/strong> ser\u00eda: amarilla (local), azul (visitante) y blanco (alternativo).<\/p>\n<p>\u00bfQu\u00e9 les parecen los nuevos modelitos, <i>cracks<\/i>? \u00bfSer\u00e1n los definitivos?<\/p>\n","protected":false},"excerpt":{"rendered":"<p>Circulan las que ser\u00edan las tres playeras de las \u00c1guilas para el Apertura 2015<\/p>\n","protected":false},"author":20,"featured_media":285757,"comment_status":"open","ping_status":"open","sticky":false,"template":"","format":"standard","meta":[],"categories":[2198,3845],"tags":[5959,1624],"_links":{"self":[{"href":"http:\/\/desarrollo.grupomedios.com\/futbol\/wp-json\/wp\/v2\/posts\/285751"}],"collection":[{"href":"http:\/\/desarrollo.grupomedios.com\/futbol\/wp-json\/wp\/v2\/posts"}],"about":[{"href":"http:\/\/desarrollo.grupomedios.com\/futbol\/wp-json\/wp\/v2\/types\/post"}],"author":[{"embeddable":true,"href":"http:\/\/desarrollo.grupomedios.com\/futbol\/wp-json\/wp\/v2\/users\/20"}],"replies":[{"embeddable":true,"href":"http:\/\/desarrollo.grupomedios.com\/futbol\/wp-json\/wp\/v2\/comments?post=285751"}],"version-history":[{"count":0,"href":"http:\/\/desarrollo.grupomedios.com\/futbol\/wp-json\/wp\/v2\/posts\/285751\/revisions"}],"wp:featuredmedia":[{"embeddable":true,"href":"http:\/\/desarrollo.grupomedios.com\/futbol\/wp-json\/wp\/v2\/media\/285757"}],"wp:attachment":[{"href":"http:\/\/desarrollo.grupomedios.com\/futbol\/wp-json\/wp\/v2\/media?parent=285751"}],"wp:term":[{"taxonomy":"category","embeddable":true,"href":"http:\/\/desarrollo.grupomedios.com\/futbol\/wp-json\/wp\/v2\/categories?post=285751"},{"taxonomy":"post_tag","embeddable":true,"href":"http:\/\/desarrollo.grupomedios.com\/futbol\/wp-json\/wp\/v2\/tags?post=285751"}],"curies":[{"name":"wp","href":"https:\/\/api.w.org\/{rel}","templated":true}]}}