{"id":285792,"date":"2015-06-14T18:26:36","date_gmt":"2015-06-14T23:26:36","guid":{"rendered":"http:\/\/futboltotal.com.mx\/?p=285792"},"modified":"2015-06-14T18:26:36","modified_gmt":"2015-06-14T23:26:36","slug":"ambriz-busca-ganar-cuatro-titulos-con-america","status":"publish","type":"post","link":"http:\/\/desarrollo.grupomedios.com\/futbol\/futbol-mexicano\/ambriz-busca-ganar-cuatro-titulos-con-america\/2015\/06","title":{"rendered":"Ambriz busca ganar cuatro t\u00edtulos con Am\u00e9rica"},"content":{"rendered":"<p>Pese a las dudas que gener\u00f3 su arribo a la direcci\u00f3n t\u00e9cnica del <b>Am\u00e9rica<\/b>, <b>Ignacio Ambriz<\/b> se muestra con absoluta confianza y afirma que las <i>\u00c1guilas<\/i> est\u00e1n para luchar por todos los t\u00edtulos y van a comenzar con el <b>Campe\u00f3n de Campeones<\/b>, el 20 de julio ante Santos Laguna.<\/p>\n<p>&#8220;Son tres torneos, m\u00e1s el Campe\u00f3n de Campeones, y debemos aspirar a ganar los cuatro&#8221;, indic\u00f3 el flamante t\u00e9cnico <i>azulcrema<\/i> previo a su viaje a Canc\u00fan, donde <b>Am\u00e9rica<\/b> realizar\u00e1 la primera parte de su pretemporada.<\/p>\n<p>En ese contexto, <b>Ignacio Ambriz<\/b> considera que los refuerzos que llegaron al <b>Am\u00e9rica<\/b> est\u00e1n a la altura del club y que la plantilla alcanza para aspirar a ganar la Liga MX, la Concachampions y el Mundial de Clubes, adem\u00e1s del Campe\u00f3n de Campeones.<\/p>\n<p>\u201cPor eso hay tan poquitos cambios, solo sale un jugador, llegan tres porque el equipo est\u00e1 muy bien planeado, equilibrado y no queda otra que hacer que el conjunto compita en todos los partidos\u201d, dijo.<\/p>\n","protected":false},"excerpt":{"rendered":"<p>Comenzar\u00e1 con el Campe\u00f3n de Campeones, el 20 de julio ante Santos Laguna<\/p>\n","protected":false},"author":20,"featured_media":285796,"comment_status":"open","ping_status":"open","sticky":false,"template":"","format":"standard","meta":[],"categories":[2198,3845],"tags":[5959,511],"_links":{"self":[{"href":"http:\/\/desarrollo.grupomedios.com\/futbol\/wp-json\/wp\/v2\/posts\/285792"}],"collection":[{"href":"http:\/\/desarrollo.grupomedios.com\/futbol\/wp-json\/wp\/v2\/posts"}],"about":[{"href":"http:\/\/desarrollo.grupomedios.com\/futbol\/wp-json\/wp\/v2\/types\/post"}],"author":[{"embeddable":true,"href":"http:\/\/desarrollo.grupomedios.com\/futbol\/wp-json\/wp\/v2\/users\/20"}],"replies":[{"embeddable":true,"href":"http:\/\/desarrollo.grupomedios.com\/futbol\/wp-json\/wp\/v2\/comments?post=285792"}],"version-history":[{"count":0,"href":"http:\/\/desarrollo.grupomedios.com\/futbol\/wp-json\/wp\/v2\/posts\/285792\/revisions"}],"wp:featuredmedia":[{"embeddable":true,"href":"http:\/\/desarrollo.grupomedios.com\/futbol\/wp-json\/wp\/v2\/media\/285796"}],"wp:attachment":[{"href":"http:\/\/desarrollo.grupomedios.com\/futbol\/wp-json\/wp\/v2\/media?parent=285792"}],"wp:term":[{"taxonomy":"category","embeddable":true,"href":"http:\/\/desarrollo.grupomedios.com\/futbol\/wp-json\/wp\/v2\/categories?post=285792"},{"taxonomy":"post_tag","embeddable":true,"href":"http:\/\/desarrollo.grupomedios.com\/futbol\/wp-json\/wp\/v2\/tags?post=285792"}],"curies":[{"name":"wp","href":"https:\/\/api.w.org\/{rel}","templated":true}]}}