{"id":285863,"date":"2015-06-14T20:56:49","date_gmt":"2015-06-15T01:56:49","guid":{"rendered":"http:\/\/futboltotal.com.mx\/?p=285863"},"modified":"2015-06-14T21:00:27","modified_gmt":"2015-06-15T02:00:27","slug":"gustavo-matosas-elogia-a-la-aficion-del-atlas","status":"publish","type":"post","link":"http:\/\/desarrollo.grupomedios.com\/futbol\/futbol-mexicano\/gustavo-matosas-elogia-a-la-aficion-del-atlas\/2015\/06","title":{"rendered":"Gustavo Matosas elogia a la afici\u00f3n del Atlas"},"content":{"rendered":"<p>El nuevo director t\u00e9cnico de <a href=\"http:\/\/www.futboltotal.com.mx\/equipos\/atlas\/\" target=\"_blank\"><strong>Atlas<\/strong><\/a>, <strong>Gustavo Matosas<\/strong>, est\u00e1 sorprendido y motivado por el respaldo que le brinda la afici\u00f3n <em>rojinegra,\u00a0<\/em>pues dice que seguidores tan afines a un club, s\u00f3lo los hab\u00eda visto en Sudam\u00e9rica.<\/p>\n<p>&#8220;Me ha sorprendido que el <strong>Atlas<\/strong> tiene mucha afici\u00f3n. Me ha parado mucha gente en la calle, no sab\u00eda que eran as\u00ed. Me pas\u00f3 lo mismo con Pe\u00f1arol&#8221;, asegur\u00f3 el t\u00e9cnico.<\/p>\n<p><strong>Matosas<\/strong> tambi\u00e9n solicita a los seguidores que apoyen al equipo, y que dejen a un lado la violencia en las gradas, eso &#8220;no sirve de nada&#8221;, dijo.<\/p>\n<p>Por \u00faltimo, el estratega asegur\u00f3 que ya ten\u00eda ganas de dirigir a varios jugadores<em> rojinegros<\/em> como Leao, Gonz\u00e1lez y Z\u00e1rate, &#8220;hay muchos jugadores que me han roto los ojos, hay varios que siempre me han gustado&#8221; indic\u00f3.<\/p>\n","protected":false},"excerpt":{"rendered":"<p>El nuevo timonel rojinegro, se dijo sorprendido por la afici\u00f3n del equipo<\/p>\n","protected":false},"author":20,"featured_media":285871,"comment_status":"open","ping_status":"open","sticky":false,"template":"","format":"standard","meta":[],"categories":[2198,3845],"tags":[5961,93,64],"_links":{"self":[{"href":"http:\/\/desarrollo.grupomedios.com\/futbol\/wp-json\/wp\/v2\/posts\/285863"}],"collection":[{"href":"http:\/\/desarrollo.grupomedios.com\/futbol\/wp-json\/wp\/v2\/posts"}],"about":[{"href":"http:\/\/desarrollo.grupomedios.com\/futbol\/wp-json\/wp\/v2\/types\/post"}],"author":[{"embeddable":true,"href":"http:\/\/desarrollo.grupomedios.com\/futbol\/wp-json\/wp\/v2\/users\/20"}],"replies":[{"embeddable":true,"href":"http:\/\/desarrollo.grupomedios.com\/futbol\/wp-json\/wp\/v2\/comments?post=285863"}],"version-history":[{"count":0,"href":"http:\/\/desarrollo.grupomedios.com\/futbol\/wp-json\/wp\/v2\/posts\/285863\/revisions"}],"wp:featuredmedia":[{"embeddable":true,"href":"http:\/\/desarrollo.grupomedios.com\/futbol\/wp-json\/wp\/v2\/media\/285871"}],"wp:attachment":[{"href":"http:\/\/desarrollo.grupomedios.com\/futbol\/wp-json\/wp\/v2\/media?parent=285863"}],"wp:term":[{"taxonomy":"category","embeddable":true,"href":"http:\/\/desarrollo.grupomedios.com\/futbol\/wp-json\/wp\/v2\/categories?post=285863"},{"taxonomy":"post_tag","embeddable":true,"href":"http:\/\/desarrollo.grupomedios.com\/futbol\/wp-json\/wp\/v2\/tags?post=285863"}],"curies":[{"name":"wp","href":"https:\/\/api.w.org\/{rel}","templated":true}]}}