{"id":285870,"date":"2015-06-14T21:11:19","date_gmt":"2015-06-15T02:11:19","guid":{"rendered":"http:\/\/futboltotal.com.mx\/?p=285870"},"modified":"2015-06-15T11:34:55","modified_gmt":"2015-06-15T16:34:55","slug":"manchester-united-ficha-a-firmino","status":"publish","type":"post","link":"http:\/\/desarrollo.grupomedios.com\/futbol\/futbol-internacional\/liga-de-espana\/manchester-united-ficha-a-firmino\/2015\/06","title":{"rendered":"Manchester United ficha a Firmino"},"content":{"rendered":"<p>La contrataci\u00f3n de refuerzos para la campa\u00f1a 2015-16 sigue a todo vapor en el <strong>Manchester United<\/strong>. Primero ficharon al holand\u00e9s<strong> Memphis Depay<\/strong> y ahora al brasile\u00f1o <strong>Roberto Firmino<\/strong>, cuyo fichaje se har\u00e1 oficial en las pr\u00f3ximas horas.<\/p>\n<p>Roger Wittmann, agente del internacional con la <em>Canarinha<\/em>, no quiso adelantarse al fichaje oficial y solo confirm\u00f3: &#8220;Firmin\u00f3 jugar\u00e1 la siguiente temporada a la Premier League. Es un hecho&#8221;, dijo al diario <em>Bild. <\/em><\/p>\n<p><strong>Firmino <\/strong>tendr\u00e1\u00a0un contrato por cinco temporadas tras concretarse una negociaci\u00f3n entre el United y el Hoffenheim por una cifra cercana a los 18 millones de euros,\u00a0seg\u00fan el reporte de la prensa inglesa.<\/p>\n<p>El atacante de 23 a\u00f1os est\u00e1 en plena disputa por la Copa Am\u00e9rica Chile 2015 y tras concluir su participaci\u00f3n deber\u00e1 reportar con el club para finiquitar detalles de su contrataci\u00f3n y ser presentado de manera oficial.<\/p>\n<p><a href=\"http:\/\/futboltotal.com.mx\/2015\/06\/futbol-de-estufa-en-europa\/\">Checa todos los rumores y fichajes oficiales de Europa<\/a><\/p>\n","protected":false},"excerpt":{"rendered":"<p>El atacante brasile\u00f1o firmar\u00e1 contrato por cinco temporadas <\/p>\n","protected":false},"author":20,"featured_media":285875,"comment_status":"open","ping_status":"open","sticky":false,"template":"","format":"standard","meta":[],"categories":[3844,3846],"tags":[4847,43,5539],"_links":{"self":[{"href":"http:\/\/desarrollo.grupomedios.com\/futbol\/wp-json\/wp\/v2\/posts\/285870"}],"collection":[{"href":"http:\/\/desarrollo.grupomedios.com\/futbol\/wp-json\/wp\/v2\/posts"}],"about":[{"href":"http:\/\/desarrollo.grupomedios.com\/futbol\/wp-json\/wp\/v2\/types\/post"}],"author":[{"embeddable":true,"href":"http:\/\/desarrollo.grupomedios.com\/futbol\/wp-json\/wp\/v2\/users\/20"}],"replies":[{"embeddable":true,"href":"http:\/\/desarrollo.grupomedios.com\/futbol\/wp-json\/wp\/v2\/comments?post=285870"}],"version-history":[{"count":0,"href":"http:\/\/desarrollo.grupomedios.com\/futbol\/wp-json\/wp\/v2\/posts\/285870\/revisions"}],"wp:featuredmedia":[{"embeddable":true,"href":"http:\/\/desarrollo.grupomedios.com\/futbol\/wp-json\/wp\/v2\/media\/285875"}],"wp:attachment":[{"href":"http:\/\/desarrollo.grupomedios.com\/futbol\/wp-json\/wp\/v2\/media?parent=285870"}],"wp:term":[{"taxonomy":"category","embeddable":true,"href":"http:\/\/desarrollo.grupomedios.com\/futbol\/wp-json\/wp\/v2\/categories?post=285870"},{"taxonomy":"post_tag","embeddable":true,"href":"http:\/\/desarrollo.grupomedios.com\/futbol\/wp-json\/wp\/v2\/tags?post=285870"}],"curies":[{"name":"wp","href":"https:\/\/api.w.org\/{rel}","templated":true}]}}