{"id":286002,"date":"2015-06-15T12:30:36","date_gmt":"2015-06-15T17:30:36","guid":{"rendered":"http:\/\/futboltotal.com.mx\/?p=286002"},"modified":"2015-06-15T13:13:03","modified_gmt":"2015-06-15T18:13:03","slug":"santiago-epicentro-de-copa-america","status":"publish","type":"post","link":"http:\/\/desarrollo.grupomedios.com\/futbol\/videos\/santiago-epicentro-de-copa-america\/2015\/06","title":{"rendered":"Santiago, epicentro de Copa Am\u00e9rica"},"content":{"rendered":"<p>La <strong>Selecci\u00f3n Mexicana<\/strong> disputar\u00e1 su segundo partido de la <strong>Copa Am\u00e9rica 2015<\/strong>\u00a0ante el anfitri\u00f3n <strong>Chile<\/strong> en el Estadio Nacional, con base en la ciudad de <strong>Santiago<\/strong>, donde residen poco m\u00e1s de seis millones de habitantes.<\/p>\n<p>Cabe\u00a0destacar que el Nacional Julio Mart\u00ednez Pr\u00e1danos, fundado en 1938, es el recinto deportivo m\u00e1s grande de Chile, con capacidad para 48 mil 745 espectadores.<\/p>\n<p>Si eres de los <em>cracks<\/em> que emprendieron el vuelo para apoyar a la <strong>Selecci\u00f3n Mexicana<\/strong> en la justa continental, te damos algunas recomendaciones para que disfrutes a tope tu estad\u00eda.<\/p>\n<p>[video_player]http:\/\/player.vimeo.com\/external\/130779796.hd.mp4?s=46c4698d640d9b77a6da8d86eb29d34c&amp;profile_id=113[\/video_player]<\/p>\n","protected":false},"excerpt":{"rendered":"<p>Conoce la ciudad que ser\u00e1 una de las tres sedes del Tri<\/p>\n","protected":false},"author":20,"featured_media":286004,"comment_status":"open","ping_status":"open","sticky":false,"template":"","format":"standard","meta":[],"categories":[3839,3847,4],"tags":[2130,5541],"_links":{"self":[{"href":"http:\/\/desarrollo.grupomedios.com\/futbol\/wp-json\/wp\/v2\/posts\/286002"}],"collection":[{"href":"http:\/\/desarrollo.grupomedios.com\/futbol\/wp-json\/wp\/v2\/posts"}],"about":[{"href":"http:\/\/desarrollo.grupomedios.com\/futbol\/wp-json\/wp\/v2\/types\/post"}],"author":[{"embeddable":true,"href":"http:\/\/desarrollo.grupomedios.com\/futbol\/wp-json\/wp\/v2\/users\/20"}],"replies":[{"embeddable":true,"href":"http:\/\/desarrollo.grupomedios.com\/futbol\/wp-json\/wp\/v2\/comments?post=286002"}],"version-history":[{"count":0,"href":"http:\/\/desarrollo.grupomedios.com\/futbol\/wp-json\/wp\/v2\/posts\/286002\/revisions"}],"wp:featuredmedia":[{"embeddable":true,"href":"http:\/\/desarrollo.grupomedios.com\/futbol\/wp-json\/wp\/v2\/media\/286004"}],"wp:attachment":[{"href":"http:\/\/desarrollo.grupomedios.com\/futbol\/wp-json\/wp\/v2\/media?parent=286002"}],"wp:term":[{"taxonomy":"category","embeddable":true,"href":"http:\/\/desarrollo.grupomedios.com\/futbol\/wp-json\/wp\/v2\/categories?post=286002"},{"taxonomy":"post_tag","embeddable":true,"href":"http:\/\/desarrollo.grupomedios.com\/futbol\/wp-json\/wp\/v2\/tags?post=286002"}],"curies":[{"name":"wp","href":"https:\/\/api.w.org\/{rel}","templated":true}]}}