{"id":286006,"date":"2015-06-15T14:06:19","date_gmt":"2015-06-15T19:06:19","guid":{"rendered":"http:\/\/futboltotal.com.mx\/?p=286006"},"modified":"2015-06-15T14:08:30","modified_gmt":"2015-06-15T19:08:30","slug":"arda-turan-el-siguiente-objetivo-del-milan","status":"publish","type":"post","link":"http:\/\/desarrollo.grupomedios.com\/futbol\/uncategorized\/arda-turan-el-siguiente-objetivo-del-milan\/2015\/06","title":{"rendered":"Arda Tur\u00e1n, el siguiente objetivo del Mil\u00e1n"},"content":{"rendered":"<p>Tras una mala temporada en la <strong>Serie A<\/strong>, el <strong>Mil\u00e1n<\/strong> sigue reestructurando sus l\u00edneas en mira \u00a0a la siguiente campa\u00f1a. El pr\u00f3ximo objetivo que tienen los <em>rossoneri<\/em> es cerrar el pase del jugador del <strong>Atl\u00e9tico de Madrid<\/strong>,\u00a0<strong>Arda Tur\u00e1n<\/strong>.<\/p>\n<p>Luego de hacer oficial la llegada de<strong> Jackson Mart\u00ednez,\u00a0<\/strong> el conjunto italiano tiene la intenci\u00f3n de sellar el pase de su segundo refuerzo. De acuerdo al medio espa\u00f1ol <em>AS<\/em>, el equipo de <strong>Silvio Berlusconi<\/strong> ya lanz\u00f3 la primera oferta al jugador turco, sin embargo, esta fue declinada por no cumplir los requisitos que \u00e9l busca.<\/p>\n<p>A pesar de que <strong>Arda<\/strong> tiene contrato hasta el verano del 2017, los de <em>San Siro<\/em> est\u00e1n dispuestos a pagar los 41 millones de su cl\u00e1usula. No obstante, el gran obst\u00e1culo de la transferencia no es la cifra,sino la oportunidad que busca el futbolista de competir en la pr\u00f3xima <strong>Liga de Campeones.<\/strong><\/p>\n","protected":false},"excerpt":{"rendered":"<p>El jugador turco emigrar\u00eda al Calcio en la siguiente campa\u00f1a<\/p>\n","protected":false},"author":20,"featured_media":286012,"comment_status":"open","ping_status":"open","sticky":false,"template":"","format":"standard","meta":[],"categories":[3839,3848,1],"tags":[1630,6055],"_links":{"self":[{"href":"http:\/\/desarrollo.grupomedios.com\/futbol\/wp-json\/wp\/v2\/posts\/286006"}],"collection":[{"href":"http:\/\/desarrollo.grupomedios.com\/futbol\/wp-json\/wp\/v2\/posts"}],"about":[{"href":"http:\/\/desarrollo.grupomedios.com\/futbol\/wp-json\/wp\/v2\/types\/post"}],"author":[{"embeddable":true,"href":"http:\/\/desarrollo.grupomedios.com\/futbol\/wp-json\/wp\/v2\/users\/20"}],"replies":[{"embeddable":true,"href":"http:\/\/desarrollo.grupomedios.com\/futbol\/wp-json\/wp\/v2\/comments?post=286006"}],"version-history":[{"count":0,"href":"http:\/\/desarrollo.grupomedios.com\/futbol\/wp-json\/wp\/v2\/posts\/286006\/revisions"}],"wp:featuredmedia":[{"embeddable":true,"href":"http:\/\/desarrollo.grupomedios.com\/futbol\/wp-json\/wp\/v2\/media\/286012"}],"wp:attachment":[{"href":"http:\/\/desarrollo.grupomedios.com\/futbol\/wp-json\/wp\/v2\/media?parent=286006"}],"wp:term":[{"taxonomy":"category","embeddable":true,"href":"http:\/\/desarrollo.grupomedios.com\/futbol\/wp-json\/wp\/v2\/categories?post=286006"},{"taxonomy":"post_tag","embeddable":true,"href":"http:\/\/desarrollo.grupomedios.com\/futbol\/wp-json\/wp\/v2\/tags?post=286006"}],"curies":[{"name":"wp","href":"https:\/\/api.w.org\/{rel}","templated":true}]}}