{"id":286055,"date":"2015-06-15T16:11:20","date_gmt":"2015-06-15T21:11:20","guid":{"rendered":"http:\/\/futboltotal.com.mx\/?p=286055"},"modified":"2015-06-15T16:13:00","modified_gmt":"2015-06-15T21:13:00","slug":"ratifican-denuncia-contra-decio-de-maria","status":"publish","type":"post","link":"http:\/\/desarrollo.grupomedios.com\/futbol\/futbol-mexicano\/ratifican-denuncia-contra-decio-de-maria\/2015\/06","title":{"rendered":"Ratifican denuncia contra Decio de Mar\u00eda"},"content":{"rendered":"<p>La periodista deportiva <strong>In\u00e9s Sainz<\/strong> acudi\u00f3 este lunes a la Procuradur\u00eda General de Justicia del Distrito Federal (PGJDF), para <strong>ratificar la denuncia<\/strong> de hechos que interpuso contra <strong>Decio de Mar\u00eda<\/strong>, presidente de la <strong>Liga MX<\/strong>, por la presunta <strong>venta il\u00edcita del Quer\u00e9taro<\/strong>.<\/p>\n<p>&#8220;La denuncia es contra los presuntos responsables: Olegario V\u00e1zquez Aldir y <strong>Decio de Mar\u00eda<\/strong>. Ahora vendr\u00e1n los procesos que est\u00e1n determinados para este caso&#8221;, dijo <strong>In\u00e9s Sainz<\/strong>.\u00a0\u201cEl siguiente paso es aportar los elementos de prueba que se tienen y realizar las investigaciones&#8221;, apunt\u00f3 el abogado de la conductora de televisi\u00f3n.<\/p>\n<p>En ese contexto, cabe apuntar que <strong>In\u00e9s Sainz<\/strong> acusa que, junto con su esposo H\u00e9ctor Rojano, fue despojada de la franquicia de <em>Gallos Bancos<\/em> de manera arbitraria y se\u00f1ala a Olegario V\u00e1zquez Aldir, a <strong>Decio de Mar\u00eda<\/strong> y al SAE (Servicio de Administraci\u00f3n y Enajenaci\u00f3n de Bienes) como presuntos responsables.<\/p>\n<p>Sobre el espinoso tema, la periodista agrega que tras ganar la licitaci\u00f3n, se llevaron la sorpresa de que el actual due\u00f1o de Quer\u00e9taro se les adelant\u00f3 y en una negociaci\u00f3n particular con el SAE, logr\u00f3 hacerse de la franquicia.<\/p>\n","protected":false},"excerpt":{"rendered":"<p>In\u00e9s Sainz lo involucra en la presunta venta il\u00edcita del Quer\u00e9taro<\/p>\n","protected":false},"author":20,"featured_media":286056,"comment_status":"open","ping_status":"open","sticky":false,"template":"","format":"standard","meta":[],"categories":[2198,3845],"tags":[956,64],"_links":{"self":[{"href":"http:\/\/desarrollo.grupomedios.com\/futbol\/wp-json\/wp\/v2\/posts\/286055"}],"collection":[{"href":"http:\/\/desarrollo.grupomedios.com\/futbol\/wp-json\/wp\/v2\/posts"}],"about":[{"href":"http:\/\/desarrollo.grupomedios.com\/futbol\/wp-json\/wp\/v2\/types\/post"}],"author":[{"embeddable":true,"href":"http:\/\/desarrollo.grupomedios.com\/futbol\/wp-json\/wp\/v2\/users\/20"}],"replies":[{"embeddable":true,"href":"http:\/\/desarrollo.grupomedios.com\/futbol\/wp-json\/wp\/v2\/comments?post=286055"}],"version-history":[{"count":0,"href":"http:\/\/desarrollo.grupomedios.com\/futbol\/wp-json\/wp\/v2\/posts\/286055\/revisions"}],"wp:featuredmedia":[{"embeddable":true,"href":"http:\/\/desarrollo.grupomedios.com\/futbol\/wp-json\/wp\/v2\/media\/286056"}],"wp:attachment":[{"href":"http:\/\/desarrollo.grupomedios.com\/futbol\/wp-json\/wp\/v2\/media?parent=286055"}],"wp:term":[{"taxonomy":"category","embeddable":true,"href":"http:\/\/desarrollo.grupomedios.com\/futbol\/wp-json\/wp\/v2\/categories?post=286055"},{"taxonomy":"post_tag","embeddable":true,"href":"http:\/\/desarrollo.grupomedios.com\/futbol\/wp-json\/wp\/v2\/tags?post=286055"}],"curies":[{"name":"wp","href":"https:\/\/api.w.org\/{rel}","templated":true}]}}