{"id":286059,"date":"2015-06-15T16:31:38","date_gmt":"2015-06-15T21:31:38","guid":{"rendered":"http:\/\/futboltotal.com.mx\/?p=286059"},"modified":"2015-07-20T13:21:27","modified_gmt":"2015-07-20T18:21:27","slug":"motores-de-formula-1-rugiran-en-el-zocalo","status":"publish","type":"post","link":"http:\/\/desarrollo.grupomedios.com\/futbol\/no-todo-es-futbol\/motores-de-formula-1-rugiran-en-el-zocalo\/2015\/06","title":{"rendered":"Motores de F\u00f3rmula 1 rugir\u00e1n en el Z\u00f3calo"},"content":{"rendered":"<p>Despu\u00e9s de 23 a\u00f1os de ausencia, la <strong>F\u00f3rmula 1<\/strong> regresa a <strong>M\u00e9xico<\/strong>: el 1 de noviembre se correr\u00e1 la antepen\u00faltima carrera del calendario 2015 en el Aut\u00f3dromo Hermanos Rodr\u00edguez. Y para calentar motores, el pr\u00f3ximo 27 de junio, <strong>Infiniti Red Bull Racing<\/strong> realizar\u00e1 una exhibici\u00f3n en el Z\u00f3calo de la Ciudad de M\u00e9xico.<\/p>\n<p>Los pilotos Daniel Ricciardo y Carlos Sainz realizar\u00e1n una carrera de demostraci\u00f3n con el auto de la <strong>F\u00f3rmula 1<\/strong> <em>RB7<\/em>, que -primera vez- recorrer\u00e1 un trayecto alrededor de Plaza de la Constituci\u00f3n.<\/p>\n<p>Los amantes de la velocidad podr\u00e1 presenciar al ganador de tres grandes premios: Daniel Ricciardo, de la escuder\u00eda <strong>Infiniti Red Bull Racing<\/strong>, y a la sensaci\u00f3n de la <em>Scuderia Toro Rosso<\/em>: Carlos Sainz.<\/p>\n<p><em>Foto e informaci\u00f3n\u00a0de Red Bull\u00a0M\u00e9xico<\/em><\/p>\n","protected":false},"excerpt":{"rendered":"<p>Infiniti Red Bull Racing realizar\u00e1 una carrera de exhibici\u00f3n<\/p>\n","protected":false},"author":20,"featured_media":286061,"comment_status":"open","ping_status":"open","sticky":false,"template":"","format":"standard","meta":[],"categories":[5810,5418],"tags":[5493,5461],"_links":{"self":[{"href":"http:\/\/desarrollo.grupomedios.com\/futbol\/wp-json\/wp\/v2\/posts\/286059"}],"collection":[{"href":"http:\/\/desarrollo.grupomedios.com\/futbol\/wp-json\/wp\/v2\/posts"}],"about":[{"href":"http:\/\/desarrollo.grupomedios.com\/futbol\/wp-json\/wp\/v2\/types\/post"}],"author":[{"embeddable":true,"href":"http:\/\/desarrollo.grupomedios.com\/futbol\/wp-json\/wp\/v2\/users\/20"}],"replies":[{"embeddable":true,"href":"http:\/\/desarrollo.grupomedios.com\/futbol\/wp-json\/wp\/v2\/comments?post=286059"}],"version-history":[{"count":0,"href":"http:\/\/desarrollo.grupomedios.com\/futbol\/wp-json\/wp\/v2\/posts\/286059\/revisions"}],"wp:featuredmedia":[{"embeddable":true,"href":"http:\/\/desarrollo.grupomedios.com\/futbol\/wp-json\/wp\/v2\/media\/286061"}],"wp:attachment":[{"href":"http:\/\/desarrollo.grupomedios.com\/futbol\/wp-json\/wp\/v2\/media?parent=286059"}],"wp:term":[{"taxonomy":"category","embeddable":true,"href":"http:\/\/desarrollo.grupomedios.com\/futbol\/wp-json\/wp\/v2\/categories?post=286059"},{"taxonomy":"post_tag","embeddable":true,"href":"http:\/\/desarrollo.grupomedios.com\/futbol\/wp-json\/wp\/v2\/tags?post=286059"}],"curies":[{"name":"wp","href":"https:\/\/api.w.org\/{rel}","templated":true}]}}