{"id":286113,"date":"2015-06-15T18:19:37","date_gmt":"2015-06-15T23:19:37","guid":{"rendered":"http:\/\/futboltotal.com.mx\/?p=286113"},"modified":"2015-06-15T19:38:12","modified_gmt":"2015-06-16T00:38:12","slug":"bolivia-da-la-segunda-sorpresa-de-copa-america","status":"publish","type":"post","link":"http:\/\/desarrollo.grupomedios.com\/futbol\/futbol-internacional\/bolivia-da-la-segunda-sorpresa-de-copa-america\/2015\/06","title":{"rendered":"Bolivia da la segunda sorpresa de Copa Am\u00e9rica"},"content":{"rendered":"<p>En el inicio de la segunda jornada de fase de grupos de la <strong>Copa Am\u00e9rica<\/strong>, <strong>Bolivia<\/strong> se enfrent\u00f3 a <strong>Ecuador<\/strong>. Y tras 90 minutos intensos, la selecci\u00f3n boliviana,\u00a0catalogada como la m\u00e1s d\u00e9bil del sector\u00a0(quiz\u00e1 del certamen),\u00a0venci\u00f3 (3-2) a su similar\u00a0ecuatoriana, dejando boquiabiertos a propios y extra\u00f1os.<\/p>\n<p>Sin dominar el control de la pelota, <strong>Bolivia<\/strong> se fue al descanso con un 3-0 a su favor. Un primer tiempo sorpresivo, que adem\u00e1s cont\u00f3 con\u00a0dos penales, uno para cada equipo, los ecuatorianos\u00a0fallaron el suyo. La situaci\u00f3n oblig\u00f3 a la selecci\u00f3n de <strong>Ecuador<\/strong>\u00a0a salir en busca del empate para la parte complementaria.<\/p>\n<p>La haza\u00f1a parec\u00eda dif\u00edcil, pues <strong>Bolivia<\/strong>\u00a0ech\u00f3 a todo el equipo en su propio terreno para cerrar filas; sin embargo, <strong>Ecuador<\/strong> consigui\u00f3 hacer gol de vestidor, de la mano de Enner Valencia al 48&#8242;, pero marcaron el siguiente gol hasta la recta final del partido, lo que propici\u00f3 un cierre de juego intenso, que no alcanz\u00f3 para volver a mover\u00a0el marcador.<\/p>\n","protected":false},"excerpt":{"rendered":"<p>Los bolivianos, virtualmente clasificados a la siguiente ronda<\/p>\n","protected":false},"author":20,"featured_media":286117,"comment_status":"open","ping_status":"open","sticky":false,"template":"","format":"standard","meta":[],"categories":[5516,3839],"tags":[337,2130,708],"_links":{"self":[{"href":"http:\/\/desarrollo.grupomedios.com\/futbol\/wp-json\/wp\/v2\/posts\/286113"}],"collection":[{"href":"http:\/\/desarrollo.grupomedios.com\/futbol\/wp-json\/wp\/v2\/posts"}],"about":[{"href":"http:\/\/desarrollo.grupomedios.com\/futbol\/wp-json\/wp\/v2\/types\/post"}],"author":[{"embeddable":true,"href":"http:\/\/desarrollo.grupomedios.com\/futbol\/wp-json\/wp\/v2\/users\/20"}],"replies":[{"embeddable":true,"href":"http:\/\/desarrollo.grupomedios.com\/futbol\/wp-json\/wp\/v2\/comments?post=286113"}],"version-history":[{"count":0,"href":"http:\/\/desarrollo.grupomedios.com\/futbol\/wp-json\/wp\/v2\/posts\/286113\/revisions"}],"wp:featuredmedia":[{"embeddable":true,"href":"http:\/\/desarrollo.grupomedios.com\/futbol\/wp-json\/wp\/v2\/media\/286117"}],"wp:attachment":[{"href":"http:\/\/desarrollo.grupomedios.com\/futbol\/wp-json\/wp\/v2\/media?parent=286113"}],"wp:term":[{"taxonomy":"category","embeddable":true,"href":"http:\/\/desarrollo.grupomedios.com\/futbol\/wp-json\/wp\/v2\/categories?post=286113"},{"taxonomy":"post_tag","embeddable":true,"href":"http:\/\/desarrollo.grupomedios.com\/futbol\/wp-json\/wp\/v2\/tags?post=286113"}],"curies":[{"name":"wp","href":"https:\/\/api.w.org\/{rel}","templated":true}]}}