{"id":286187,"date":"2015-06-15T19:30:06","date_gmt":"2015-06-16T00:30:06","guid":{"rendered":"http:\/\/futboltotal.com.mx\/?p=286187"},"modified":"2015-06-15T20:07:17","modified_gmt":"2015-06-16T01:07:17","slug":"matias-vuoso-termina-con-racha-del-tri-en-copa-america","status":"publish","type":"post","link":"http:\/\/desarrollo.grupomedios.com\/futbol\/videos\/matias-vuoso-termina-con-racha-del-tri-en-copa-america\/2015\/06","title":{"rendered":"Vuoso termina con sequ\u00eda goleadora del Tri"},"content":{"rendered":"<p>El delantero de la <a href=\"http:\/\/www.futboltotal.com.mx\/futbol-mexicano\/seleccion-mexicana\/\" target=\"_blank\"><strong>Selecci\u00f3n Mexicana<\/strong><\/a>, <strong>Mat\u00edas Vuoso<\/strong>, abri\u00f3 el marcador del juego entre <strong>M\u00e9xico<\/strong> y <strong>Chile<\/strong>, en el segundo encuentro de<strong> Copa Am\u00e9rica<\/strong> que sostuvieron las dos selecciones.<\/p>\n<p>Al minuto 22, Vicente Mat\u00edas anot\u00f3 el uno a cero a pase del Negro Medina; y al hacerlo, el ariete cort\u00f3 una racha de 341 minutos de la <strong>Selecci\u00f3n Mexicana<\/strong> sin anotar gol en la <strong>Copa Am\u00e9rica<\/strong>.<\/p>\n<p>M\u00e9xico ten\u00eda tres partidos y medio sin hacer gol en la justa continental. La \u00faltima anotaci\u00f3n que hizo, fue precisamente ante Chile en Argentina 2011, cuando N\u00e9stor Araujo tambi\u00e9n abri\u00f3 el marcador.<\/p>\n<p>As\u00ed fue el gol de <strong>Mat\u00edas Vuoso<\/strong>:<\/p>\n<blockquote class=\"twitter-tweet\" lang=\"es\">\n<p dir=\"ltr\" lang=\"en\">\u00a1Goooooooool de <a href=\"https:\/\/twitter.com\/hashtag\/MEX?src=hash\">#MEX<\/a>! <a href=\"https:\/\/t.co\/UVUG1yc4CF\">https:\/\/t.co\/UVUG1yc4CF<\/a><\/p>\n<p>\u2014 futboltotal (@futboltotal) <a href=\"https:\/\/twitter.com\/futboltotal\/status\/610597120995905536\">junio 15, 2015<\/a><\/p><\/blockquote>\n<p><script src=\"\/\/platform.twitter.com\/widgets.js\" async=\"\" charset=\"utf-8\"><\/script><\/p>\n","protected":false},"excerpt":{"rendered":"<p>El delantero cort\u00f3 una racha de 341 minutos de M\u00e9xico sin anotar en Copa Am\u00e9rica<\/p>\n","protected":false},"author":20,"featured_media":286204,"comment_status":"open","ping_status":"open","sticky":false,"template":"","format":"standard","meta":[],"categories":[5516,2198,3847,4],"tags":[406,2130,142,4362],"_links":{"self":[{"href":"http:\/\/desarrollo.grupomedios.com\/futbol\/wp-json\/wp\/v2\/posts\/286187"}],"collection":[{"href":"http:\/\/desarrollo.grupomedios.com\/futbol\/wp-json\/wp\/v2\/posts"}],"about":[{"href":"http:\/\/desarrollo.grupomedios.com\/futbol\/wp-json\/wp\/v2\/types\/post"}],"author":[{"embeddable":true,"href":"http:\/\/desarrollo.grupomedios.com\/futbol\/wp-json\/wp\/v2\/users\/20"}],"replies":[{"embeddable":true,"href":"http:\/\/desarrollo.grupomedios.com\/futbol\/wp-json\/wp\/v2\/comments?post=286187"}],"version-history":[{"count":0,"href":"http:\/\/desarrollo.grupomedios.com\/futbol\/wp-json\/wp\/v2\/posts\/286187\/revisions"}],"wp:featuredmedia":[{"embeddable":true,"href":"http:\/\/desarrollo.grupomedios.com\/futbol\/wp-json\/wp\/v2\/media\/286204"}],"wp:attachment":[{"href":"http:\/\/desarrollo.grupomedios.com\/futbol\/wp-json\/wp\/v2\/media?parent=286187"}],"wp:term":[{"taxonomy":"category","embeddable":true,"href":"http:\/\/desarrollo.grupomedios.com\/futbol\/wp-json\/wp\/v2\/categories?post=286187"},{"taxonomy":"post_tag","embeddable":true,"href":"http:\/\/desarrollo.grupomedios.com\/futbol\/wp-json\/wp\/v2\/tags?post=286187"}],"curies":[{"name":"wp","href":"https:\/\/api.w.org\/{rel}","templated":true}]}}