{"id":286224,"date":"2015-06-15T21:32:58","date_gmt":"2015-06-16T02:32:58","guid":{"rendered":"http:\/\/futboltotal.com.mx\/?p=286224"},"modified":"2015-06-15T21:33:43","modified_gmt":"2015-06-16T02:33:43","slug":"chile-3-3-mexico-trepidante-empate","status":"publish","type":"post","link":"http:\/\/desarrollo.grupomedios.com\/futbol\/destacado-home\/chile-3-3-mexico-trepidante-empate\/2015\/06","title":{"rendered":"Chile 3-3 M\u00e9xico | Trepidante empate"},"content":{"rendered":"<p>En trepidante encuentro, la <strong>selecci\u00f3n de M\u00e9xico<\/strong> rescat\u00f3 un valioso empate (3-3) ante su similar de <strong>Chile<\/strong>, en duelo de la segunda jornada del <strong>Grupo A<\/strong> de la <strong>Copa Am\u00e9rica 2015<\/strong>.<\/p>\n<p>Con este resultado, <strong>Chile<\/strong> se mantiene en la primera posici\u00f3n del pelot\u00f3n, con cuatro unidades, las mismas que la sorpresiva <strong>Bolivia<\/strong>; <strong>M\u00e9xico<\/strong> lleg\u00f3 a dos puntos y <strong>Ecuador<\/strong>, rival del <em>Tri<\/em> en el \u00faltimo duelo de la fase grupos, no ha sumado en el certamen continental.<\/p>\n<p>La <strong>selecci\u00f3n de M\u00e9xico<\/strong> mostr\u00f3 un buen funcionamiento en la primera parte, lo que vali\u00f3 para ponerse al frente en el marcador en un par de oportunidades; sin embargo, el \u00edmpetu de los chilenos logr\u00f3 empatar de manera casi inmediata en ambas oportunidades.<\/p>\n<p>Para la segunda parte, <strong>Chile<\/strong>\u00a0se adue\u00f1\u00f3 del encuentro. Logr\u00f3 adelantarse en el marcador\u00a0y mantuvo controlado al cuadro <em>Tricolor<\/em>, que termin\u00f3 por encontrar en el delantero argentino\u00a0-naturalizado mexicano- <strong>Vicente Mat\u00edas Vuoso<\/strong> a su elemento m\u00e1s valioso.<\/p>\n<p>Y es que el <em>Toro\u00a0<\/em>se despach\u00f3 con dos important\u00edsimas anotaciones;\u00a0la primera represent\u00f3 el final de la <a href=\"http:\/\/futboltotal.com.mx\/2015\/06\/matias-vuoso-termina-con-racha-del-tri-en-copa-america\/\">sequ\u00eda de goles de M\u00e9xico en Copa Am\u00e9rica<\/a>, mientras que\u00a0el\u00a0segundo tanto da esperanzas al <em>Tri<\/em> para seguir con vida en el certamen continental.<\/p>\n<p>Cabe apuntar, que como es costumbre en las justas sudamericanos, el arbitraje fue factor. Aunque ahora, benefici\u00f3 a <strong>M\u00e9xico<\/strong> y maltrat\u00f3 -sorpresivamente- a\u00a0la selecci\u00f3n anfitriona <a href=\"http:\/\/futboltotal.com.mx\/2015\/06\/dos-goles-mal-anulados-para-chile-en-el-juego-contra-mexico\/\">tras\u00a0anular\u00a0un par de goles de manera incorrecta<\/a>.<\/p>\n<p>La \u00faltima jornada del <strong>Grupo A<\/strong> se disputar\u00e1 el pr\u00f3ximo viernes 19 de junio. <strong>M\u00e9xico<\/strong> se medir\u00e1 ante <strong>Ecuador<\/strong>, mientras que <strong>Chile<\/strong> se enfrentar\u00e1 a <strong>Bolivia<\/strong>.<\/p>\n<p>Alineaciones:<\/p>\n<p><strong>CHILE<\/strong>: Claudio Bravo, Miiko Albornoz (Jean Beausejour, 87\u2019), Mauricio Isla, Alexis Medel, Gonzalo Jara, Jorge Valdivia, Charles Ar\u00e1nguiz, Marcelo D\u00edaz (Eugenio Mena, 70\u2019), Arturo Vidal, Alexis S\u00e1nchez y Eduardo Vargas (Mauricio Pinilla, 84\u2019). DT Jorge Sampaoli.<\/p>\n<p><strong>M\u00c9XICO<\/strong>: Jos\u00e9 de Jes\u00fas Corona, Adri\u00e1n Aldrete (Carlos Salcedo, 70\u2019), Hugo Ayala, Julio C\u00e9sar Dom\u00ednguez, Juan Carlos Valenzuela, Gerardo Flores, Javier G\u00fc\u00e9mez, Juan Carlos Medina (Javier Aquino, 64\u2019), <em>Tecatito<\/em> Corona (Mario Osuna, 77\u2019), Vicente Mat\u00edas Vuoso y Ra\u00fal Jim\u00e9nez. DT Miguel Herrera.<\/p>\n<p>\u00c1rbitro: V\u00edctor carrillo (PER).<\/p>\n<p><iframe loading=\"lazy\" src=\"https:\/\/www.youtube.com\/embed\/mOcOcKybIhI\" frameborder=\"0\" allowfullscreen=\"allowfullscreen\"><\/iframe><\/p>\n<p><strong><a href=\"http:\/\/futboltotal.com.mx\/2015\/06\/en-vivo-mexico-vs-chile-copa-america\/\">As\u00ed se vivi\u00f3 el Chile 3-3 M\u00e9xico. Rev\u00edvelo.<\/a><\/strong><\/p>\n","protected":false},"excerpt":{"rendered":"<p>Mat\u00edas Vouso destaca con el Tri; se despach\u00f3 con un doblete<\/p>\n","protected":false},"author":20,"featured_media":286230,"comment_status":"open","ping_status":"open","sticky":false,"template":"","format":"standard","meta":[],"categories":[5,3839,3847],"tags":[406,2130,331,65],"_links":{"self":[{"href":"http:\/\/desarrollo.grupomedios.com\/futbol\/wp-json\/wp\/v2\/posts\/286224"}],"collection":[{"href":"http:\/\/desarrollo.grupomedios.com\/futbol\/wp-json\/wp\/v2\/posts"}],"about":[{"href":"http:\/\/desarrollo.grupomedios.com\/futbol\/wp-json\/wp\/v2\/types\/post"}],"author":[{"embeddable":true,"href":"http:\/\/desarrollo.grupomedios.com\/futbol\/wp-json\/wp\/v2\/users\/20"}],"replies":[{"embeddable":true,"href":"http:\/\/desarrollo.grupomedios.com\/futbol\/wp-json\/wp\/v2\/comments?post=286224"}],"version-history":[{"count":0,"href":"http:\/\/desarrollo.grupomedios.com\/futbol\/wp-json\/wp\/v2\/posts\/286224\/revisions"}],"wp:featuredmedia":[{"embeddable":true,"href":"http:\/\/desarrollo.grupomedios.com\/futbol\/wp-json\/wp\/v2\/media\/286230"}],"wp:attachment":[{"href":"http:\/\/desarrollo.grupomedios.com\/futbol\/wp-json\/wp\/v2\/media?parent=286224"}],"wp:term":[{"taxonomy":"category","embeddable":true,"href":"http:\/\/desarrollo.grupomedios.com\/futbol\/wp-json\/wp\/v2\/categories?post=286224"},{"taxonomy":"post_tag","embeddable":true,"href":"http:\/\/desarrollo.grupomedios.com\/futbol\/wp-json\/wp\/v2\/tags?post=286224"}],"curies":[{"name":"wp","href":"https:\/\/api.w.org\/{rel}","templated":true}]}}