{"id":286273,"date":"2015-06-16T08:50:47","date_gmt":"2015-06-16T13:50:47","guid":{"rendered":"http:\/\/futboltotal.com.mx\/?p=286273"},"modified":"2015-06-16T08:52:27","modified_gmt":"2015-06-16T13:52:27","slug":"sergio-aguero-responde-tuits-con-el-balon","status":"publish","type":"post","link":"http:\/\/desarrollo.grupomedios.com\/futbol\/videos\/sergio-aguero-responde-tuits-con-el-balon\/2015\/06","title":{"rendered":"Sergio Ag\u00fcero responde tuits con el bal\u00f3n"},"content":{"rendered":"<p><strong>Sergio Ag\u00fcero<\/strong> tiene una habilidades notables con la esf\u00e9rica. Para que todo sea un reto mayor a sus destrezas, el atacante del Manchester City particip\u00f3 en una singular din\u00e1mica donde respond\u00eda los mensajes por Twitter de la afici\u00f3n. <\/p>\n<p>Todo se hizo m\u00e1s llamativo y con cierto grado de complejidad para el argentino, ya que se dispuso de un teclado enorme colocado en la porter\u00eda y ten\u00eda que demostrar su precisi\u00f3n en el toque de bal\u00f3n para responder los mensajes de aliento de todo el pueblo argentino.<strong> \u00a1Un crack el <em>Kun<\/em>!<\/strong><\/p>\n<p><iframe loading=\"lazy\" src=\"https:\/\/www.youtube.com\/embed\/jgVP6Bk4QGQ\" frameborder=\"0\" allowfullscreen><\/iframe><\/p>\n","protected":false},"excerpt":{"rendered":"<p>Bal\u00f3n, porter\u00eda y teclado enorme, los elementos necesarios para el reto<\/p>\n","protected":false},"author":20,"featured_media":286276,"comment_status":"open","ping_status":"open","sticky":false,"template":"","format":"standard","meta":[],"categories":[4],"tags":[1742,148],"_links":{"self":[{"href":"http:\/\/desarrollo.grupomedios.com\/futbol\/wp-json\/wp\/v2\/posts\/286273"}],"collection":[{"href":"http:\/\/desarrollo.grupomedios.com\/futbol\/wp-json\/wp\/v2\/posts"}],"about":[{"href":"http:\/\/desarrollo.grupomedios.com\/futbol\/wp-json\/wp\/v2\/types\/post"}],"author":[{"embeddable":true,"href":"http:\/\/desarrollo.grupomedios.com\/futbol\/wp-json\/wp\/v2\/users\/20"}],"replies":[{"embeddable":true,"href":"http:\/\/desarrollo.grupomedios.com\/futbol\/wp-json\/wp\/v2\/comments?post=286273"}],"version-history":[{"count":0,"href":"http:\/\/desarrollo.grupomedios.com\/futbol\/wp-json\/wp\/v2\/posts\/286273\/revisions"}],"wp:featuredmedia":[{"embeddable":true,"href":"http:\/\/desarrollo.grupomedios.com\/futbol\/wp-json\/wp\/v2\/media\/286276"}],"wp:attachment":[{"href":"http:\/\/desarrollo.grupomedios.com\/futbol\/wp-json\/wp\/v2\/media?parent=286273"}],"wp:term":[{"taxonomy":"category","embeddable":true,"href":"http:\/\/desarrollo.grupomedios.com\/futbol\/wp-json\/wp\/v2\/categories?post=286273"},{"taxonomy":"post_tag","embeddable":true,"href":"http:\/\/desarrollo.grupomedios.com\/futbol\/wp-json\/wp\/v2\/tags?post=286273"}],"curies":[{"name":"wp","href":"https:\/\/api.w.org\/{rel}","templated":true}]}}