{"id":286305,"date":"2015-06-16T10:59:48","date_gmt":"2015-06-16T15:59:48","guid":{"rendered":"http:\/\/futboltotal.com.mx\/?p=286305"},"modified":"2015-06-16T10:59:48","modified_gmt":"2015-06-16T15:59:48","slug":"gignac-seria-presentado-esta-semana-con-tigres","status":"publish","type":"post","link":"http:\/\/desarrollo.grupomedios.com\/futbol\/destacado-home\/gignac-seria-presentado-esta-semana-con-tigres\/2015\/06","title":{"rendered":"Gignac ser\u00eda presentado esta semana con Tigres"},"content":{"rendered":"<p><strong>Andr\u00e9-Pierre<\/strong> <strong>Gignac<\/strong>, el fichaje bomba del futbol mexicano y de <strong>Tigres<\/strong> rumbo al Apertura 2015, podr\u00eda ser consumado esta semana de acuerdo a medios regiomontanos.<\/p>\n<p>Gignac, quien estuvo en <strong>Canc\u00fan<\/strong> la semana pasada para evaluar la oferta de Tigres, necesitar\u00eda ya solamente de un examen m\u00e9dico para culminar su incorporaci\u00f3n al futbol mexicano para el siguiente torneo.<\/p>\n<p>De acuerdo al reporte emitido por el peri\u00f3dico regio <em>El Horizonte<\/em>, Gignac est\u00e1 arreglado con el equipo, a tal grado que Tigres lo presentar\u00eda en los pr\u00f3ximos d\u00edas para terminar de dar el bombazo que comenz\u00f3 a trascender algunos d\u00edas antes del <strong>Draft<\/strong> del futbol mexicano.<\/p>\n<p>El delantero de 29 a\u00f1os tiene experiencia con su selecci\u00f3n nacional, y con <strong>Marsella<\/strong>, se consolid\u00f3 como uno de los goleadores de la Ligue 1 en el \u00faltimo curso. Gignac marc\u00f3 21 goles, siendo el segundo mejor goleador de la Ligue 1, solamente debajo de Alexandre Lacazette, ariete del Lyon, y superando incluso a Zlatan Ibrahimovic, quien clav\u00f3 19 tantos en la temporada con el PSG.<\/p>\n<p>La posible llegada de Gignac a M\u00e9xico <a href=\"http:\/\/futboltotal.com.mx\/2015\/06\/ven-como-error-la-llegada-de-gignac-a-mexico\/\" target=\"_blank\"><strong>no ha ca\u00eddo bien en los medios franceses<\/strong><\/a>, quienes incluso mofaron el potencial fichaje de un futbolista a\u00fan considerado para integrar la selecci\u00f3n nacional de ese pa\u00eds.<\/p>\n<p>Valorado en 10 millones de euros por <em>Transfermarkt<\/em>, Gignac no le costar\u00e1 a Tigres en lo que se refiere a una transferencia internacional, ya que el delantero acaba contrato de manera formal con Marsella el 30 de junio. El ariete cobraba 3.6 millones de euros anuales en su club, pero el presidente del Marsella, Vincent Labrune, esperaba que Gignac aceptara menos dinero para permanecer con el equipo.<\/p>\n<p><iframe loading=\"lazy\" src=\"https:\/\/www.youtube.com\/embed\/qhR6nXrpwTA\" frameborder=\"0\" allowfullscreen=\"allowfullscreen\"><\/iframe><\/p>\n","protected":false},"excerpt":{"rendered":"<p>Aseguran que ya est\u00e1 listo para hacerlo oficial<\/p>\n","protected":false},"author":20,"featured_media":286308,"comment_status":"open","ping_status":"open","sticky":false,"template":"","format":"standard","meta":[],"categories":[5,2198,3845],"tags":[5430,617,5973],"_links":{"self":[{"href":"http:\/\/desarrollo.grupomedios.com\/futbol\/wp-json\/wp\/v2\/posts\/286305"}],"collection":[{"href":"http:\/\/desarrollo.grupomedios.com\/futbol\/wp-json\/wp\/v2\/posts"}],"about":[{"href":"http:\/\/desarrollo.grupomedios.com\/futbol\/wp-json\/wp\/v2\/types\/post"}],"author":[{"embeddable":true,"href":"http:\/\/desarrollo.grupomedios.com\/futbol\/wp-json\/wp\/v2\/users\/20"}],"replies":[{"embeddable":true,"href":"http:\/\/desarrollo.grupomedios.com\/futbol\/wp-json\/wp\/v2\/comments?post=286305"}],"version-history":[{"count":0,"href":"http:\/\/desarrollo.grupomedios.com\/futbol\/wp-json\/wp\/v2\/posts\/286305\/revisions"}],"wp:featuredmedia":[{"embeddable":true,"href":"http:\/\/desarrollo.grupomedios.com\/futbol\/wp-json\/wp\/v2\/media\/286308"}],"wp:attachment":[{"href":"http:\/\/desarrollo.grupomedios.com\/futbol\/wp-json\/wp\/v2\/media?parent=286305"}],"wp:term":[{"taxonomy":"category","embeddable":true,"href":"http:\/\/desarrollo.grupomedios.com\/futbol\/wp-json\/wp\/v2\/categories?post=286305"},{"taxonomy":"post_tag","embeddable":true,"href":"http:\/\/desarrollo.grupomedios.com\/futbol\/wp-json\/wp\/v2\/tags?post=286305"}],"curies":[{"name":"wp","href":"https:\/\/api.w.org\/{rel}","templated":true}]}}