{"id":286321,"date":"2015-06-16T12:04:31","date_gmt":"2015-06-16T17:04:31","guid":{"rendered":"http:\/\/futboltotal.com.mx\/?p=286321"},"modified":"2015-06-16T16:46:14","modified_gmt":"2015-06-16T21:46:14","slug":"descartan-fractura-de-adrian-aldrete","status":"publish","type":"post","link":"http:\/\/desarrollo.grupomedios.com\/futbol\/futbol-mexicano\/descartan-fractura-de-adrian-aldrete\/2015\/06","title":{"rendered":"Descartan fractura de Adri\u00e1n Aldrete"},"content":{"rendered":"<p><strong><a href=\"http:\/\/futboltotal.com.mx\/2015\/06\/adrian-aldrete-se-perderia-resto-de-la-copa-america\/\" target=\"_blank\">Adri\u00e1n Aldrete sali\u00f3 lesionado\u00a0<\/a><\/strong>en el partido donde\u00a0M\u00e9xico\u00a0y Chile empataron 3-3. En un principio se tem\u00eda por una fractura, al final se confirm\u00f3 que todo qued\u00f3 en un esguince del ligamento peroneo astragalino grado 1.<\/p>\n<p>Asimismo, se explic\u00f3 que adem\u00e1s tiene una lesi\u00f3n de la sindesmosis anterior grado 2-3 y un trauma \u00f3seo de la articulaci\u00f3n astragalina.<\/p>\n<p>\u201cDe com\u00fan acuerdo, la Direcci\u00f3n de Selecciones Nacionales, Cuerpo M\u00e9dico y T\u00e9cnico del Tricolor con el propio <strong>Adrian Aldrete,<\/strong> la Directiva del Club Santos, Cuerpo M\u00e9dico y T\u00e9cnico del Club Lagunero se determin\u00f3 que el jugador permanezca con la Selecci\u00f3n Nacional, y sea ah\u00ed donde comience su recuperaci\u00f3n, esperando este disponible para las finales de la Copa Am\u00e9rica\u201d, dio a conocer la Selecci\u00f3n.<\/p>\n<p><strong>Adri\u00e1n Aldrete<\/strong>\u00a0estar\u00eda fuera de las canchas dos semanas y se espera que pueda reaparecer en las rondas finales de la Copa Am\u00e9rica.<\/p>\n<p>[video_player]http:\/\/player.vimeo.com\/external\/130271722.hd.mp4?s=9e18e7acac34d7ed34e4534834b23794&amp;profile_id=113[\/video_player]<\/p>\n","protected":false},"excerpt":{"rendered":"<p>Tras el duelo ante Chile, solo se perder\u00e1 dos semanas <\/p>\n","protected":false},"author":20,"featured_media":286323,"comment_status":"open","ping_status":"open","sticky":false,"template":"","format":"standard","meta":[],"categories":[5516,2198,3845,3847],"tags":[1724,5546,65],"_links":{"self":[{"href":"http:\/\/desarrollo.grupomedios.com\/futbol\/wp-json\/wp\/v2\/posts\/286321"}],"collection":[{"href":"http:\/\/desarrollo.grupomedios.com\/futbol\/wp-json\/wp\/v2\/posts"}],"about":[{"href":"http:\/\/desarrollo.grupomedios.com\/futbol\/wp-json\/wp\/v2\/types\/post"}],"author":[{"embeddable":true,"href":"http:\/\/desarrollo.grupomedios.com\/futbol\/wp-json\/wp\/v2\/users\/20"}],"replies":[{"embeddable":true,"href":"http:\/\/desarrollo.grupomedios.com\/futbol\/wp-json\/wp\/v2\/comments?post=286321"}],"version-history":[{"count":0,"href":"http:\/\/desarrollo.grupomedios.com\/futbol\/wp-json\/wp\/v2\/posts\/286321\/revisions"}],"wp:featuredmedia":[{"embeddable":true,"href":"http:\/\/desarrollo.grupomedios.com\/futbol\/wp-json\/wp\/v2\/media\/286323"}],"wp:attachment":[{"href":"http:\/\/desarrollo.grupomedios.com\/futbol\/wp-json\/wp\/v2\/media?parent=286321"}],"wp:term":[{"taxonomy":"category","embeddable":true,"href":"http:\/\/desarrollo.grupomedios.com\/futbol\/wp-json\/wp\/v2\/categories?post=286321"},{"taxonomy":"post_tag","embeddable":true,"href":"http:\/\/desarrollo.grupomedios.com\/futbol\/wp-json\/wp\/v2\/tags?post=286321"}],"curies":[{"name":"wp","href":"https:\/\/api.w.org\/{rel}","templated":true}]}}