{"id":286329,"date":"2015-06-16T12:41:51","date_gmt":"2015-06-16T17:41:51","guid":{"rendered":"http:\/\/futboltotal.com.mx\/?p=286329"},"modified":"2015-06-16T13:21:10","modified_gmt":"2015-06-16T18:21:10","slug":"falcao-firmara-con-chelsea-esta-semana","status":"publish","type":"post","link":"http:\/\/desarrollo.grupomedios.com\/futbol\/futbol-internacional\/falcao-firmara-con-chelsea-esta-semana\/2015\/06","title":{"rendered":"Falcao firmar\u00eda con Chelsea esta semana"},"content":{"rendered":"<p>El futbolista colombiano, <strong>Radamel Falcao<\/strong>, disputar\u00e1 la pr\u00f3xima campa\u00f1a con el<strong> Chelsea<\/strong>. Seg\u00fan informaci\u00f3n de medios en Inglaterra y Francia, el <strong>M\u00f3naco<\/strong>\u00a0habr\u00eda llegado a un acuerdo de pr\u00e9stamo por un a\u00f1o con el conjunto de Stamford Bridge.<\/p>\n<p>De acuerdo al <em>Sky Sport y L&#8217;Equipe<\/em>, el artillero cerr\u00f3\u00a0un convenio para militar la temporada 2015-16 con los<em> Blues.\u00a0<\/em>La\u00a0cifra de la transferencia estar\u00eda valuada en un poco m\u00e1s de siete millones de libras y una cl\u00e1usula de 35 millones.<\/p>\n<p>El <em>Tigre<\/em> cerr\u00f3 el 2014-2015, con tan solo 1,288 minutos disputados, cuatro goles y cinco asistencias, estad\u00edsticas que provocaron que el estratega del <strong>United<\/strong>, Louis Van Gaal, no lo contemplara en el equipo para el pr\u00f3ximo certamen.<\/p>\n<p>A pesar de su bajo rendimiento, el inter\u00e9s del t\u00e9cnico del <strong>Chelsea<\/strong>, <strong>Jos\u00e9 Mourinho<\/strong>, fue uno de los factores principales para que se concretara el pase de <strong>Radamel<\/strong>, cuyo traspaso se podr\u00eda oficializar antes de concluya esta semana<\/p>\n","protected":false},"excerpt":{"rendered":"<p>El Tigre buscar\u00e1 revancha en la Premier defendiendo la playera del Chelsea<\/p>\n","protected":false},"author":20,"featured_media":286337,"comment_status":"open","ping_status":"open","sticky":false,"template":"","format":"standard","meta":[],"categories":[3839,3846],"tags":[5981,4902],"_links":{"self":[{"href":"http:\/\/desarrollo.grupomedios.com\/futbol\/wp-json\/wp\/v2\/posts\/286329"}],"collection":[{"href":"http:\/\/desarrollo.grupomedios.com\/futbol\/wp-json\/wp\/v2\/posts"}],"about":[{"href":"http:\/\/desarrollo.grupomedios.com\/futbol\/wp-json\/wp\/v2\/types\/post"}],"author":[{"embeddable":true,"href":"http:\/\/desarrollo.grupomedios.com\/futbol\/wp-json\/wp\/v2\/users\/20"}],"replies":[{"embeddable":true,"href":"http:\/\/desarrollo.grupomedios.com\/futbol\/wp-json\/wp\/v2\/comments?post=286329"}],"version-history":[{"count":0,"href":"http:\/\/desarrollo.grupomedios.com\/futbol\/wp-json\/wp\/v2\/posts\/286329\/revisions"}],"wp:featuredmedia":[{"embeddable":true,"href":"http:\/\/desarrollo.grupomedios.com\/futbol\/wp-json\/wp\/v2\/media\/286337"}],"wp:attachment":[{"href":"http:\/\/desarrollo.grupomedios.com\/futbol\/wp-json\/wp\/v2\/media?parent=286329"}],"wp:term":[{"taxonomy":"category","embeddable":true,"href":"http:\/\/desarrollo.grupomedios.com\/futbol\/wp-json\/wp\/v2\/categories?post=286329"},{"taxonomy":"post_tag","embeddable":true,"href":"http:\/\/desarrollo.grupomedios.com\/futbol\/wp-json\/wp\/v2\/tags?post=286329"}],"curies":[{"name":"wp","href":"https:\/\/api.w.org\/{rel}","templated":true}]}}