{"id":286351,"date":"2015-06-16T13:16:25","date_gmt":"2015-06-16T18:16:25","guid":{"rendered":"http:\/\/futboltotal.com.mx\/?p=286351"},"modified":"2015-06-16T13:16:25","modified_gmt":"2015-06-16T18:16:25","slug":"el-mago-roberto-firmino","status":"publish","type":"post","link":"http:\/\/desarrollo.grupomedios.com\/futbol\/videos\/el-mago-roberto-firmino\/2015\/06","title":{"rendered":"El mago Roberto Firmino"},"content":{"rendered":"<p>En Brasil el futbol es una religi\u00f3n, pero no todos poseen la habilidad para realizar cosas que van m\u00e1s all\u00e1 de los simples mortales. Uno de los cracks de \u00faltima generaci\u00f3n y que ser\u00e1n sin duda alguna de los m\u00e1s buscados en el mercado de transferencias es <strong>el mago Roberto Firmino<\/strong>, que con joyas como el video que ver\u00e1n a continuaci\u00f3n se ha ganado la admiraci\u00f3n de clubes como el Bayern Munich y el Manchester United. <\/p>\n<div style=\"width: 640px;\" class=\"wp-video\"><!--[if lt IE 9]><script>document.createElement('video');<\/script><![endif]-->\n<video class=\"wp-video-shortcode\" id=\"video-286351-1\" width=\"640\" height=\"360\" preload=\"metadata\" controls=\"controls\"><source type=\"video\/mp4\" src=\"http:\/\/futboltotal.com.mx\/wp-content\/uploads\/2015\/06\/Video_by_roberto_firmino.mp4?_=1\" \/><a href=\"http:\/\/futboltotal.com.mx\/wp-content\/uploads\/2015\/06\/Video_by_roberto_firmino.mp4\">http:\/\/futboltotal.com.mx\/wp-content\/uploads\/2015\/06\/Video_by_roberto_firmino.mp4<\/a><\/video><\/div>\n","protected":false},"excerpt":{"rendered":"<p>Por joyas as\u00ed, el brasile\u00f1o est\u00e1 en la mira del Bayern Munich y el Manchester United<\/p>\n","protected":false},"author":20,"featured_media":286369,"comment_status":"open","ping_status":"open","sticky":false,"template":"","format":"standard","meta":[],"categories":[4],"tags":[5539],"_links":{"self":[{"href":"http:\/\/desarrollo.grupomedios.com\/futbol\/wp-json\/wp\/v2\/posts\/286351"}],"collection":[{"href":"http:\/\/desarrollo.grupomedios.com\/futbol\/wp-json\/wp\/v2\/posts"}],"about":[{"href":"http:\/\/desarrollo.grupomedios.com\/futbol\/wp-json\/wp\/v2\/types\/post"}],"author":[{"embeddable":true,"href":"http:\/\/desarrollo.grupomedios.com\/futbol\/wp-json\/wp\/v2\/users\/20"}],"replies":[{"embeddable":true,"href":"http:\/\/desarrollo.grupomedios.com\/futbol\/wp-json\/wp\/v2\/comments?post=286351"}],"version-history":[{"count":0,"href":"http:\/\/desarrollo.grupomedios.com\/futbol\/wp-json\/wp\/v2\/posts\/286351\/revisions"}],"wp:featuredmedia":[{"embeddable":true,"href":"http:\/\/desarrollo.grupomedios.com\/futbol\/wp-json\/wp\/v2\/media\/286369"}],"wp:attachment":[{"href":"http:\/\/desarrollo.grupomedios.com\/futbol\/wp-json\/wp\/v2\/media?parent=286351"}],"wp:term":[{"taxonomy":"category","embeddable":true,"href":"http:\/\/desarrollo.grupomedios.com\/futbol\/wp-json\/wp\/v2\/categories?post=286351"},{"taxonomy":"post_tag","embeddable":true,"href":"http:\/\/desarrollo.grupomedios.com\/futbol\/wp-json\/wp\/v2\/tags?post=286351"}],"curies":[{"name":"wp","href":"https:\/\/api.w.org\/{rel}","templated":true}]}}