{"id":286384,"date":"2015-06-16T15:18:16","date_gmt":"2015-06-16T20:18:16","guid":{"rendered":"http:\/\/futboltotal.com.mx\/?p=286384"},"modified":"2015-06-16T15:38:18","modified_gmt":"2015-06-16T20:38:18","slug":"copa-america-cavani-figura-de-uruguay","status":"publish","type":"post","link":"http:\/\/desarrollo.grupomedios.com\/futbol\/futbol-internacional\/liga-de-espana\/copa-america-cavani-figura-de-uruguay\/2015\/06","title":{"rendered":"Copa Am\u00e9rica | Cavani, figura de Uruguay"},"content":{"rendered":"<p>Uruguay, siempre Uruguay. La<em> Celeste<\/em> llega una vez m\u00e1s descartada en la contienda por el t\u00edtulo a pesar de ser la vigente campeona por el t\u00edtulo y m\u00e1xima ganadora de la Copa Am\u00e9rica. Sus posibilidades se vieron reducidas en principio por la ausencia de Luis Su\u00e1rez (m\u00e1ximo goleador de la selecci\u00f3n con 44 tantos), pero el resto no se debe olvidar de la otra mitad del t\u00e1ndem, <strong>Edinson Cavani<\/strong>, con condiciones de sobra para echarse al hombro a su equipo y ser la figura\u00a0para su pa\u00eds.<\/p>\n<p>&#8220;Creo que llegar de la manera m\u00e1s discreta posible a los torneos es lo que nos caracteriza y lo que nos hace bien tambi\u00e9n. Nos gusta entrar despacito e irnos gloriosos&#8221;, revelaba <strong>Cavani<\/strong>, dejando en claro que la etiqueta de estrella de la plantilla est\u00e1 m\u00e1s que listo para asumirla.<\/p>\n<p>El <em>Matador<\/em> siempre ha estado ante los ojos del mundo. Su entrega, talento, pero sobre todo su olfato de gol lo han consagrado como uno de los mejores <em>killers<\/em> en el orbe. Inclusive cuando no lo busca, siempre se habla de \u00e9l, para muestra su error geogr\u00e1fico, que hasta en el nivel primaria es para reprobar. Cavani estaba tan relajado en la conferencia de prensa que<strong> <a href=\"http:\/\/futboltotal.com.mx\/2015\/06\/cavani-cree-que-jamaica-esta-en-africa\/\">fall\u00f3 al ubicar a Jamaica en la regi\u00f3n indicada y la mand\u00f3 hasta el continente africano<\/a><\/strong>.<\/p>\n<p>Edinson gan\u00f3 m\u00e1s notoriedad, no la necesitaba pero se hizo viral. Hoy frente a Argentina busca conquistar al mundo con goles valiosos, ante el m\u00e1ximo rival. Mandar una declaratoria de guerra y dejar en claro que Uruguay est\u00e1 m\u00e1s vivo que nunca, que es el m\u00e1s ganador en Am\u00e9rica, pero sobre todo que el mundo hable \u00fanicamente de sus fant\u00e1sticos goles.<\/p>\n<p><a href=\"http:\/\/futboltotal.com.mx\/wp-content\/uploads\/2015\/06\/edinson_cavani-e1434480845378.jpg\"><img decoding=\"async\" loading=\"lazy\" class=\"alignnone size-full wp-image-286388\" src=\"http:\/\/futboltotal.com.mx\/wp-content\/uploads\/2015\/06\/edinson_cavani-e1434480845378.jpg\" alt=\"edinson_cavani\" \/><\/a><\/p>\n<p>Tambi\u00e9n te puede interesar |<strong><a href=\"http:\/\/futboltotal.com.mx\/2015\/06\/los-10-futbolistas-mas-caros-en-la-copa-america\/\"> 10 futbolistas m\u00e1s caros de la Copa Am\u00e9rica\u00a0<\/a><\/strong><\/p>\n<p>&nbsp;<\/p>\n","protected":false},"excerpt":{"rendered":"<p>Luis Su\u00e1rez falta en la expedici\u00f3n, pero no hay inconveniente, existe un Matador <\/p>\n","protected":false},"author":20,"featured_media":286418,"comment_status":"open","ping_status":"open","sticky":false,"template":"","format":"standard","meta":[],"categories":[5516,3844],"tags":[2449,2130],"_links":{"self":[{"href":"http:\/\/desarrollo.grupomedios.com\/futbol\/wp-json\/wp\/v2\/posts\/286384"}],"collection":[{"href":"http:\/\/desarrollo.grupomedios.com\/futbol\/wp-json\/wp\/v2\/posts"}],"about":[{"href":"http:\/\/desarrollo.grupomedios.com\/futbol\/wp-json\/wp\/v2\/types\/post"}],"author":[{"embeddable":true,"href":"http:\/\/desarrollo.grupomedios.com\/futbol\/wp-json\/wp\/v2\/users\/20"}],"replies":[{"embeddable":true,"href":"http:\/\/desarrollo.grupomedios.com\/futbol\/wp-json\/wp\/v2\/comments?post=286384"}],"version-history":[{"count":0,"href":"http:\/\/desarrollo.grupomedios.com\/futbol\/wp-json\/wp\/v2\/posts\/286384\/revisions"}],"wp:featuredmedia":[{"embeddable":true,"href":"http:\/\/desarrollo.grupomedios.com\/futbol\/wp-json\/wp\/v2\/media\/286418"}],"wp:attachment":[{"href":"http:\/\/desarrollo.grupomedios.com\/futbol\/wp-json\/wp\/v2\/media?parent=286384"}],"wp:term":[{"taxonomy":"category","embeddable":true,"href":"http:\/\/desarrollo.grupomedios.com\/futbol\/wp-json\/wp\/v2\/categories?post=286384"},{"taxonomy":"post_tag","embeddable":true,"href":"http:\/\/desarrollo.grupomedios.com\/futbol\/wp-json\/wp\/v2\/tags?post=286384"}],"curies":[{"name":"wp","href":"https:\/\/api.w.org\/{rel}","templated":true}]}}