{"id":286519,"date":"2015-06-16T18:35:29","date_gmt":"2015-06-16T23:35:29","guid":{"rendered":"http:\/\/futboltotal.com.mx\/?p=286519"},"modified":"2015-06-16T18:35:55","modified_gmt":"2015-06-16T23:35:55","slug":"paraguay-1-0-jamaica-aprovechan-regalo","status":"publish","type":"post","link":"http:\/\/desarrollo.grupomedios.com\/futbol\/futbol-internacional\/paraguay-1-0-jamaica-aprovechan-regalo\/2015\/06","title":{"rendered":"Paraguay 1-0 Jamaica | Aprovechan regalo"},"content":{"rendered":"<p>Con solitaria anotaci\u00f3n de <strong>Edgar Ben\u00edtez<\/strong>, quien <a href=\"http:\/\/futboltotal.com.mx\/2015\/06\/el-oso-de-jamaica-en-copa-america\/\">aprovech\u00f3 un regal\u00f3 del portero Duwayne Kerr<\/a>, la <strong>selecci\u00f3n de Paraguay<\/strong> venci\u00f3 a su similar de <strong>Jamaica<\/strong>, en duelo de la segunda fecha del Grupo B de la <strong>Copa Am\u00e9rica 2015<\/strong>.<\/p>\n<p>El <em>P\u00e1jaro<\/em> Ben\u00edtez marc\u00f3 el \u00fanico tanto del partido a los 36 minutos, en una acci\u00f3n en la que ni siquiera hizo esfuerzo por rematar, ya que el bal\u00f3n le peg\u00f3 en la rodilla ante el mal despeje de cabeza del portero jamaicano Duwayne Kerr.<\/p>\n<p>En la segunda parte, un indolente cuadro <em>guaran\u00ed<\/em> no supo liquidar el partido y termin\u00f3 sufriendo en los \u00faltimos minutos ante los desordenados arribos del seleccionado caribe\u00f1o.<\/p>\n<p>Con el triunfo, <strong>Paraguay<\/strong> dio un paso importante rumbo a los cuartos de final de la <strong>Copa Am\u00e9rica<\/strong>, al llegar a cuatro unidades y ubicarse moment\u00e1neamente en la cima del sector, a la espera de lo que suceda en el choque Argentina ante Uruguay. Jamaica a\u00fan no suma unidades en el certamen.<\/p>\n<p><a href=\"http:\/\/futboltotal.com.mx\/2015\/06\/el-oso-de-jamaica-en-copa-america\/\">OSO DE JAMAICA EN COPA AM\u00c9RICA<\/a><\/p>\n","protected":false},"excerpt":{"rendered":"<p>Los paraguayos se acercan a los Cuartos de Final de Copa Am\u00e9rica<\/p>\n","protected":false},"author":20,"featured_media":286522,"comment_status":"open","ping_status":"open","sticky":false,"template":"","format":"standard","meta":[],"categories":[5516,3839],"tags":[2130,824,664],"_links":{"self":[{"href":"http:\/\/desarrollo.grupomedios.com\/futbol\/wp-json\/wp\/v2\/posts\/286519"}],"collection":[{"href":"http:\/\/desarrollo.grupomedios.com\/futbol\/wp-json\/wp\/v2\/posts"}],"about":[{"href":"http:\/\/desarrollo.grupomedios.com\/futbol\/wp-json\/wp\/v2\/types\/post"}],"author":[{"embeddable":true,"href":"http:\/\/desarrollo.grupomedios.com\/futbol\/wp-json\/wp\/v2\/users\/20"}],"replies":[{"embeddable":true,"href":"http:\/\/desarrollo.grupomedios.com\/futbol\/wp-json\/wp\/v2\/comments?post=286519"}],"version-history":[{"count":0,"href":"http:\/\/desarrollo.grupomedios.com\/futbol\/wp-json\/wp\/v2\/posts\/286519\/revisions"}],"wp:featuredmedia":[{"embeddable":true,"href":"http:\/\/desarrollo.grupomedios.com\/futbol\/wp-json\/wp\/v2\/media\/286522"}],"wp:attachment":[{"href":"http:\/\/desarrollo.grupomedios.com\/futbol\/wp-json\/wp\/v2\/media?parent=286519"}],"wp:term":[{"taxonomy":"category","embeddable":true,"href":"http:\/\/desarrollo.grupomedios.com\/futbol\/wp-json\/wp\/v2\/categories?post=286519"},{"taxonomy":"post_tag","embeddable":true,"href":"http:\/\/desarrollo.grupomedios.com\/futbol\/wp-json\/wp\/v2\/tags?post=286519"}],"curies":[{"name":"wp","href":"https:\/\/api.w.org\/{rel}","templated":true}]}}