{"id":286539,"date":"2015-06-16T19:40:30","date_gmt":"2015-06-17T00:40:30","guid":{"rendered":"http:\/\/futboltotal.com.mx\/?p=286539"},"modified":"2015-06-17T00:34:02","modified_gmt":"2015-06-17T05:34:02","slug":"el-destino-de-vuoso-estaria-en-belgica","status":"publish","type":"post","link":"http:\/\/desarrollo.grupomedios.com\/futbol\/destacado-home\/el-destino-de-vuoso-estaria-en-belgica\/2015\/06","title":{"rendered":"El destino de Vuoso estar\u00eda en B\u00e9lgica"},"content":{"rendered":"<p>La idea de <strong>Mat\u00edas Vuoso<\/strong> es seguir en el futbol de\u00a0<strong>M\u00e9xico<\/strong>. Sin embrago, las ofertas de equipos de la <strong>Liga MX<\/strong> no llegan. Ante ese panorama, el delantero argentino -naturalizado mexicano- analizar\u00eda las propuestas que s\u00ed tiene del extranjero; la m\u00e1s atractiva, proveniente de <strong>B\u00e9lgica<\/strong>.<\/p>\n<p>\u201cEl Draft ha marcado una clara se\u00f1al. Ning\u00fan club mexicano est\u00e1 interesado en <strong>Mat\u00edas Vuoso<\/strong>\u201d, declar\u00f3 el representante del <em>Toro<\/em>, Juan Cruz Oller.<\/p>\n<p>\u201cExisten opciones fuera del mercado mexicano. <a href=\"http:\/\/futboltotal.com.mx\/2015\/06\/reporte-matias-vuoso-interesa-en-colo-colo\/\">Colo Colo muestra inter\u00e9s<\/a>, tambi\u00e9n el Al-Nassr de Arabia Saudita. De M\u00e9xico no me han llamado, pero un club belga llam\u00f3 y pregunt\u00f3 cu\u00e1l ser\u00eda el salario. La idea ser\u00eda quedarse en M\u00e9xico, pero cuando llama un club grande de Europa, de una liga de primer orden, seria como lo es la belga, te mueve un poco el piso\u201d, confes\u00f3 Cruz Oller en entrevista para el programa <em>Locura Deportiva<\/em> de Univisi\u00f3n.<\/p>\n<p>En el pasado R\u00e9gimen de Transferencias de la <strong>Liga MX<\/strong>, <strong>Atlas<\/strong>\u00a0-due\u00f1o de los derechos federativos del jugador- puso transferible a <strong>Mat\u00edas Vuoso<\/strong>. Sin embargo, nadie lo tom\u00f3. Por ello, actualmente el delantero argentino no tiene equipo, pues no entra en planes del conjunto <em>rojinegro<\/em>.<\/p>\n<p>Y aunque el representante del <em>Toro<\/em> <strong>Vuoso<\/strong> apunta que esperar\u00e1n hasta el 17 de julio, fecha l\u00edmite para ser contratado por un club\u00a0del futbol mexicano, tambi\u00e9n admite que \u201cno hay nada firme\u201d.<\/p>\n<p>\u00bfSer\u00e1 que el destino del\u00a0<strong>Mat\u00edas Vuoso<\/strong>,\u00a0quien\u00a0el pasado lunes se despach\u00f3 con un notable partido con el <em>Tri<\/em>\u00a0en la Copa Am\u00e9rica, estar\u00e1 fuera de <strong>M\u00e9xico<\/strong>? Chile, Arabia Saudita y <strong>B\u00e9lgica<\/strong>, las opciones.<\/p>\n","protected":false},"excerpt":{"rendered":"<p>Un club belga seduce al delantero argentino. Ya preguntaron por \u00e9l<\/p>\n","protected":false},"author":20,"featured_media":286548,"comment_status":"open","ping_status":"open","sticky":false,"template":"","format":"standard","meta":[],"categories":[5,2198,3845],"tags":[712,331,65],"_links":{"self":[{"href":"http:\/\/desarrollo.grupomedios.com\/futbol\/wp-json\/wp\/v2\/posts\/286539"}],"collection":[{"href":"http:\/\/desarrollo.grupomedios.com\/futbol\/wp-json\/wp\/v2\/posts"}],"about":[{"href":"http:\/\/desarrollo.grupomedios.com\/futbol\/wp-json\/wp\/v2\/types\/post"}],"author":[{"embeddable":true,"href":"http:\/\/desarrollo.grupomedios.com\/futbol\/wp-json\/wp\/v2\/users\/20"}],"replies":[{"embeddable":true,"href":"http:\/\/desarrollo.grupomedios.com\/futbol\/wp-json\/wp\/v2\/comments?post=286539"}],"version-history":[{"count":0,"href":"http:\/\/desarrollo.grupomedios.com\/futbol\/wp-json\/wp\/v2\/posts\/286539\/revisions"}],"wp:featuredmedia":[{"embeddable":true,"href":"http:\/\/desarrollo.grupomedios.com\/futbol\/wp-json\/wp\/v2\/media\/286548"}],"wp:attachment":[{"href":"http:\/\/desarrollo.grupomedios.com\/futbol\/wp-json\/wp\/v2\/media?parent=286539"}],"wp:term":[{"taxonomy":"category","embeddable":true,"href":"http:\/\/desarrollo.grupomedios.com\/futbol\/wp-json\/wp\/v2\/categories?post=286539"},{"taxonomy":"post_tag","embeddable":true,"href":"http:\/\/desarrollo.grupomedios.com\/futbol\/wp-json\/wp\/v2\/tags?post=286539"}],"curies":[{"name":"wp","href":"https:\/\/api.w.org\/{rel}","templated":true}]}}