{"id":286594,"date":"2015-06-17T09:25:52","date_gmt":"2015-06-17T14:25:52","guid":{"rendered":"http:\/\/futboltotal.com.mx\/?p=286594"},"modified":"2015-06-17T09:25:52","modified_gmt":"2015-06-17T14:25:52","slug":"cruz-azul-pelea-con-qatar-por-sergio-garcia","status":"publish","type":"post","link":"http:\/\/desarrollo.grupomedios.com\/futbol\/destacado-home\/cruz-azul-pelea-con-qatar-por-sergio-garcia\/2015\/06","title":{"rendered":"Cruz Azul pelea con Qatar por Sergio Garc\u00eda"},"content":{"rendered":"<p><strong>Sergio Garc\u00eda<\/strong> es el m\u00e1ximo deseo para un <strong>Cruz Azul<\/strong> que ya se perdi\u00f3 en el mercado espa\u00f1ol de fichar a Jos\u00e9 &#8220;Perla&#8221; Reyes.<\/p>\n<p>El director deportivo del Espanyol, club donde actualmente milita Sergio Garc\u00eda, admiti\u00f3 que existe oferta de los <em>Cementeros<\/em> por Garc\u00eda: &#8220;Est\u00e1 identificado con el club, pero ni \u00e9l sabr\u00e1 que har\u00e1,&#8221; dijo<strong> \u00d3scar Perarnau<\/strong>, el directivo de los <em>Periquitos<\/em>.<\/p>\n<p>Por su parte, el agente de Garc\u00eda, <strong>Javier D\u00edaz<\/strong>, dijo a un medio mexicano que el jugador tiene otras opciones para continuar su carrera, ya que en Espa\u00f1a podr\u00eda lucir esto complicado, debido a la demanda que hay por ama\u00f1o de partidos en su contra. &#8220;Hay oferta de Cruz Azul, y hay ofertas de otros continentes,&#8221; dijo D\u00edaz al diario <em>R\u00e9cord<\/em>.<\/p>\n<p>A sus 32 a\u00f1os de edad, Sergio Garc\u00eda buscar\u00e1 una opci\u00f3n que le permita continuar desarroll\u00e1ndose al nivel acostumbrado, pero tambi\u00e9n considerando el alto salario que comanda el jugador en Espa\u00f1a <strong>(1.5 millones de euros al a\u00f1o)<\/strong>, podr\u00eda resultar m\u00e1s atractivo emigrar a una regi\u00f3n como el Medio Oriente que con regularidad paga por arriba de la media para muchos elementos.<\/p>\n<p>El inter\u00e9s p\u00fablico de Cruz Azul por Sergio Garc\u00eda surgi\u00f3 poco antes del Draft, con el af\u00e1n de continuar reforzando en gran forma al equipo comandado por Sergio Bueno. Los <em>azules<\/em> ya hicieron su primer fichaje europeo de la temporada, incorporando al espa\u00f1ol <strong>Marc Crosas<\/strong> de la Universidad de Guadalajara. Contando ya con el atacante paraguayo Roque Santa Cruz, mismo que trajeron precisamente del mercado ib\u00e9rico, Sergio Garc\u00eda luce a\u00fan como la primera opci\u00f3n para un equipo que quiere armar un trabuco ofensivo para el Apertura 2015.<\/p>\n<p><iframe loading=\"lazy\" src=\"https:\/\/www.youtube.com\/embed\/U-myHFWbTwc\" frameborder=\"0\" allowfullscreen=\"allowfullscreen\"><\/iframe><\/p>\n","protected":false},"excerpt":{"rendered":"<p>El delantero espa\u00f1ol, en disputa por varios clubes<\/p>\n","protected":false},"author":20,"featured_media":286598,"comment_status":"open","ping_status":"open","sticky":false,"template":"","format":"standard","meta":[],"categories":[5,2198,3845],"tags":[5962,4847,5214],"_links":{"self":[{"href":"http:\/\/desarrollo.grupomedios.com\/futbol\/wp-json\/wp\/v2\/posts\/286594"}],"collection":[{"href":"http:\/\/desarrollo.grupomedios.com\/futbol\/wp-json\/wp\/v2\/posts"}],"about":[{"href":"http:\/\/desarrollo.grupomedios.com\/futbol\/wp-json\/wp\/v2\/types\/post"}],"author":[{"embeddable":true,"href":"http:\/\/desarrollo.grupomedios.com\/futbol\/wp-json\/wp\/v2\/users\/20"}],"replies":[{"embeddable":true,"href":"http:\/\/desarrollo.grupomedios.com\/futbol\/wp-json\/wp\/v2\/comments?post=286594"}],"version-history":[{"count":0,"href":"http:\/\/desarrollo.grupomedios.com\/futbol\/wp-json\/wp\/v2\/posts\/286594\/revisions"}],"wp:featuredmedia":[{"embeddable":true,"href":"http:\/\/desarrollo.grupomedios.com\/futbol\/wp-json\/wp\/v2\/media\/286598"}],"wp:attachment":[{"href":"http:\/\/desarrollo.grupomedios.com\/futbol\/wp-json\/wp\/v2\/media?parent=286594"}],"wp:term":[{"taxonomy":"category","embeddable":true,"href":"http:\/\/desarrollo.grupomedios.com\/futbol\/wp-json\/wp\/v2\/categories?post=286594"},{"taxonomy":"post_tag","embeddable":true,"href":"http:\/\/desarrollo.grupomedios.com\/futbol\/wp-json\/wp\/v2\/tags?post=286594"}],"curies":[{"name":"wp","href":"https:\/\/api.w.org\/{rel}","templated":true}]}}