{"id":286628,"date":"2015-06-17T12:18:33","date_gmt":"2015-06-17T17:18:33","guid":{"rendered":"http:\/\/futboltotal.com.mx\/?p=286628"},"modified":"2015-06-17T13:32:20","modified_gmt":"2015-06-17T18:32:20","slug":"copa-america-falcao-la-figura-de-colombia","status":"publish","type":"post","link":"http:\/\/desarrollo.grupomedios.com\/futbol\/futbol-internacional\/copa-america-falcao-la-figura-de-colombia\/2015\/06","title":{"rendered":"Copa Am\u00e9rica | Falcao, la figura de Colombia"},"content":{"rendered":"<p>Como lo hiciera su predecesora, la <strong>Colombia<\/strong> que deslumbraba all\u00e1 por lo a\u00f1os 90 liderada por el <em>Pibe<\/em> Valderrama, la escuadra <em>cafetalera <\/em>actual choc\u00f3 y sufri\u00f3 un accidente que lejos estaba de ser presupuestado ante una Venezuela hist\u00f3rica (primer triunfo en Copa Am\u00e9rica ante su similar colombiano). El problema fue la escasa creatividad en ofensiva y un <strong>Radamel Falcao<\/strong> desaparecido, nulificado al ataque, arrastrando su versi\u00f3n alejada de su estela de <em>crack<\/em> durante su viaje por la Premier League.<\/p>\n<p>Para retomar el camino, no le pod\u00eda tocar un rival m\u00e1s dif\u00edcil a los pupilos de Jos\u00e9 N\u00e9stor Pekerman. Este mi\u00e9rcoles se juegan sus esperanzas ante Brasil, en un duelo que tendr\u00e1 un sabor muy especial para todos los colombianos por su amargo desenlace en el Mundial. Los anfitriones acabaron con su fiesta por aquel momento y podr\u00edan terminar con sus ilusiones esta noche por en\u00e9sima ocasi\u00f3n, pero existen esperanzas. Un equipo de talento, con un enorme coraz\u00f3n y con un <em>Tigre<\/em> en reposo, que espera resurgir y demostrar la fiereza de anta\u00f1o, demostrar el porqu\u00e9 escal\u00f3 hasta la cima como el goleador hist\u00f3rico (25 goles en 70 partidos) de un pa\u00eds \u00e1vido de futbol.<\/p>\n<p>Su mala temporada no le impidi\u00f3 encontrarse con el gol que cada que portaba la el\u00e1stica de su naci\u00f3n. Es as\u00ed que convirti\u00f3 tres goles en seis partidos (solo uno menos que en su tortuosa temporada con el United). Pero ahora es cuando empiezan los cuestionamientos, algo que quiz\u00e1s no merezca el capit\u00e1n. Los instantes en el futbol son los que mandan. Hinchas y prensa en general se preguntan el porqu\u00e9 mantenerlo en el rect\u00e1ngulo verde; el <em>Tigre<\/em> responde con fiereza, pero sabe que mostrarlo en la cancha ser\u00e1 su mejor aliado en esta batalla nunca imaginada.<\/p>\n<p>&#8220;Estoy tranquilo y espero volver a mi h\u00e1bitat natural y despu\u00e9s las cosas se van a ir dando. Entiendo el trabajo de ustedes, tienen que vender peri\u00f3dicos&#8221;, rez\u00f3 Radamel tras el descalabro ante la <em>Vinotinto<\/em>.<\/p>\n<p>La confianza del t\u00e9cnico la tiene, la de sus compa\u00f1eros tambi\u00e9n. Como l\u00edder, es su momento de dar un paso adelante y ahora es el turno de marcar el ritmo con sus movimientos felinos en ataque. Como un depredador \u00fanico del \u00e1rea solo necesitar\u00e1 una oportunidad y seguro que Radamel no fallar\u00e1. En el horizonte el sue\u00f1o de todo un pa\u00eds, regresar al t\u00edtulo de la prestigiosa Copa Am\u00e9rica, demostrar que son la generaci\u00f3n dorada del futbol colombiano y confirmar, que ser el rey del gol no es f\u00e1cil y menos cuando hay tantos obst\u00e1culos en el camino. Ante Brasil, Falcao intentar\u00e1 reafirmar su calidad, confirmar que es la <strong>figura de Colombia<\/strong>.<\/p>\n<p><a href=\"http:\/\/futboltotal.com.mx\/wp-content\/uploads\/2015\/06\/radamel_falcao.jpg\"><img decoding=\"async\" loading=\"lazy\" class=\"alignnone wp-image-286658\" src=\"http:\/\/futboltotal.com.mx\/wp-content\/uploads\/2015\/06\/radamel_falcao.jpg\" alt=\"radamel_falcao\" srcset=\"http:\/\/desarrollo.grupomedios.com\/futbol\/wp-content\/uploads\/2015\/06\/radamel_falcao.jpg 1640w, http:\/\/desarrollo.grupomedios.com\/futbol\/wp-content\/uploads\/2015\/06\/radamel_falcao-300x290.jpg 300w, http:\/\/desarrollo.grupomedios.com\/futbol\/wp-content\/uploads\/2015\/06\/radamel_falcao-1024x989.jpg 1024w\" sizes=\"(max-width: 820px) 100vw, 820px\" \/><\/a><\/p>\n","protected":false},"excerpt":{"rendered":"<p>Un Tigre lastimado buscar\u00e1 que su presa pague la furia acumulada <\/p>\n","protected":false},"author":20,"featured_media":286645,"comment_status":"open","ping_status":"open","sticky":false,"template":"","format":"standard","meta":[],"categories":[5516,3839,3844],"tags":[2130,4902],"_links":{"self":[{"href":"http:\/\/desarrollo.grupomedios.com\/futbol\/wp-json\/wp\/v2\/posts\/286628"}],"collection":[{"href":"http:\/\/desarrollo.grupomedios.com\/futbol\/wp-json\/wp\/v2\/posts"}],"about":[{"href":"http:\/\/desarrollo.grupomedios.com\/futbol\/wp-json\/wp\/v2\/types\/post"}],"author":[{"embeddable":true,"href":"http:\/\/desarrollo.grupomedios.com\/futbol\/wp-json\/wp\/v2\/users\/20"}],"replies":[{"embeddable":true,"href":"http:\/\/desarrollo.grupomedios.com\/futbol\/wp-json\/wp\/v2\/comments?post=286628"}],"version-history":[{"count":0,"href":"http:\/\/desarrollo.grupomedios.com\/futbol\/wp-json\/wp\/v2\/posts\/286628\/revisions"}],"wp:featuredmedia":[{"embeddable":true,"href":"http:\/\/desarrollo.grupomedios.com\/futbol\/wp-json\/wp\/v2\/media\/286645"}],"wp:attachment":[{"href":"http:\/\/desarrollo.grupomedios.com\/futbol\/wp-json\/wp\/v2\/media?parent=286628"}],"wp:term":[{"taxonomy":"category","embeddable":true,"href":"http:\/\/desarrollo.grupomedios.com\/futbol\/wp-json\/wp\/v2\/categories?post=286628"},{"taxonomy":"post_tag","embeddable":true,"href":"http:\/\/desarrollo.grupomedios.com\/futbol\/wp-json\/wp\/v2\/tags?post=286628"}],"curies":[{"name":"wp","href":"https:\/\/api.w.org\/{rel}","templated":true}]}}