{"id":286630,"date":"2015-06-17T13:09:48","date_gmt":"2015-06-17T18:09:48","guid":{"rendered":"http:\/\/futboltotal.com.mx\/?p=286630"},"modified":"2015-06-17T13:09:48","modified_gmt":"2015-06-17T18:09:48","slug":"cinco-fichajes-premier-para-el-man-united","status":"publish","type":"post","link":"http:\/\/desarrollo.grupomedios.com\/futbol\/futbol-internacional\/cinco-fichajes-premier-para-el-man-united\/2015\/06","title":{"rendered":"Cinco fichajes Premier para el Man United"},"content":{"rendered":"<p>Tras concretar la incorporaci\u00f3n del artillero holand\u00e9s Memphis Depay, el <strong>Manchester United<\/strong>\u00a0sigue con el retoque de maquinaria para la pr\u00f3xima temporada, en la que debe contar con la mejor plantilla para enfrascarse en la contienda por la Liga y los<em> Play-Offs<\/em> de Champions League, que inician el 7 de agosto pr\u00f3ximo.<\/p>\n<p>Entre las principales piezas que tiene en la mira para la restructuraci\u00f3n aparecen cinco posbles refuerzos provenientes del\u00a0<strong>Tottenham, Hoffenheim, Ajax,Borussia Dortmund y PSG.\u00a0<\/strong>Para concretarlos, el conjunto de Old Trafford entrar\u00e1 en una ardua puja, porque tres de ellos tambi\u00e9n son pretendidos por clubes de otras latitudes.<\/p>\n<p><strong>Roberto Firmino<\/strong><strong>| 23 a\u00f1os| Hoffenheinm<\/strong><\/p>\n<p>El media punta que disputa en la Bundesliga, fue un jugador importante en el cuadro de <strong>Marcus Gisdol<\/strong>, pues fue el tercer mejor asistente de la liga alemana con 10 asistencias en 34 aparciciones.<\/p>\n<p><strong>F<\/strong><strong>irmino<\/strong>, valuado en 25 millones de euros, tiene contrato con el equipo de Sinsheim hasta verano del 201<strong>7,<\/strong> y desde hace unos d\u00edas la prensa internacional destap\u00f3 que ten\u00eda un acuerdo para llegar a Old Trafford.\u00a0Todo apunta a que vestir\u00e1 de rojo el pr\u00f3ximo curso.\u00a0\u201cFirmin\u00f3 jugar\u00e1 la siguiente temporada a la Premier League. Es un hecho\u201d, dijo <strong>Roger Wittmann<\/strong>, agente del internacional brasile\u00f1o,\u00a0en declaraci\u00f3n al diario <em>Bild<b>.<\/b><\/em><\/p>\n<p><iframe loading=\"lazy\" src=\"https:\/\/www.youtube.com\/embed\/AYerdnAKcLM?feature=oembed\" frameborder=\"0\" allowfullscreen><\/iframe><\/p>\n<p><strong>\u00a0Jasper Cillisen<\/strong><strong>|26 a\u00f1os| Ajax<\/strong><\/p>\n<p>El portero del <strong>Ajax<\/strong>, tuvo una buena campa\u00f1a con la escuadra holandesa. El subcampe\u00f3n de la Eredivise League, apoy\u00f3 para que su club fuera el mejor equip\u00f3 con tan solo 29 goles en contra, adem\u00e1s, de los 32 cotejos en los que fue titular, mantuvo su arco en 12 ocasiones sin recibir gol.<\/p>\n<p>El contrato del guardameta culmina hasta el 30 de junio del 2018, pero el<strong>\u00a0Manchester United<\/strong>\u00a0lo tiene como opci\u00f3n para suplir a David de Gea, objetivo del Real Madrid. <em>The\u00a0Telegraph <\/em>public\u00f3 que el inter\u00e9s de <strong>Van Gaal<\/strong> se da porque &#8220;el estratega ya tuvo la oportunidad de dirigirlo cuando estuvo ha mando de la selecci\u00f3n de Holanda y sabe de lo que es capaz&#8221;.<\/p>\n<p><iframe loading=\"lazy\" src=\"https:\/\/www.youtube.com\/embed\/S3srQoesxIY?feature=oembed\" frameborder=\"0\" allowfullscreen><\/iframe><\/p>\n<p><strong>Mats Humel<\/strong><strong>s| 26a\u00f1os| Borussia Dortmund<\/strong><\/p>\n<p>El defensa central que inici\u00f3 su carrera en las juveniles del Bayern M\u00fanich, se ha consagrado como un pilar fundamental en el once titular del conjunto alem\u00e1n. \u201cEs el mejor central de Alemania. Su papel en nuestro equipo es clave\u201d, destac\u00f3 <strong>Michaek Zorc<\/strong>, director deportivo del <strong>Dortmund<\/strong>.<\/p>\n<p>Desde su debut en la campa\u00f1a 2008-2009, <strong>Humels<\/strong> se caracteriza por ser un jugador con garra en el mano a mano, posee buena velocidad adem\u00e1s de un gran sentido de anticipaci\u00f3n al rival. Desde que inici\u00f3 su carrera como profesional, promedia dos anotaciones por temporada. A pesar de que fue un a\u00f1o duro debido a sus lesiones, el central logr\u00f3 cumplir su marca de goles y se hizo presente en la jornada 17 y 31.<\/p>\n<p>Su contrato vence en 2017, no obstante, el t\u00e9cnico holand\u00e9s del United ha solicitado su fichaje ya que es el \u00fanico retoque que har\u00eda en la central del club, seg\u00fan<em> ESPN FC.<\/em><\/p>\n<p><iframe loading=\"lazy\" src=\"https:\/\/www.youtube.com\/embed\/AHIckG1Y3lw?feature=oembed\" frameborder=\"0\" allowfullscreen><\/iframe><\/p>\n<p><strong>Harry Kane<\/strong><strong>| 21 a\u00f1os| Tottenham<\/strong><\/p>\n<p>El subcampe\u00f3n de goleo de la <strong>Premier League<\/strong>, Harry Kane, es el artillero que busca <strong>Van Gaal<\/strong> para sustituir al <em>Tigre<\/em> <strong>Falcao<\/strong>. Marc\u00f3 21 goles en 34 partidos de la liga y dio lustre a su participaci\u00f3n porque logr\u00f3 esta cifra con cuatro dobletes y un triplete.<\/p>\n<p>De acuerdo al <em>Manchester Evening News<\/em>, <strong>Ed Woodward,<\/strong> Vicepresidente de los <em>Red Devils<\/em> est\u00e1 dispuesto a ofrecer una cifra que supera los 15 millones de euros en los que est\u00e1 valuado. Despu\u00e9s de que Kane afirm\u00f3: &#8220;No tengo intenci\u00f3n de dejar al Tottenham&#8221;, el\u00a0Manchester United alist\u00f3 una propuesta para ficharlo por 40 millones de libras como la cifra m\u00e1xima por la que pretende concretar el traspaso, seg\u00fan <em>The<\/em>\u00a0<em>Telegraph.<\/em><\/p>\n<p><iframe loading=\"lazy\" src=\"https:\/\/www.youtube.com\/embed\/_RB33psZhY8?feature=oembed\" frameborder=\"0\" allowfullscreen><\/iframe><\/p>\n<p><strong>Edinson Cavani|28 a\u00f1os| PSG<\/strong><\/p>\n<p>El futbolista uruguayo, es uno de los mejores delanteros de Europa, en la justa 2014-2015 logr\u00f3 colocarse como el cuarto mejor goleador de la liga francesa con 18 anotaciones. Adem\u00e1s, su participaci\u00f3n en la <strong>Liga de Campeones<\/strong> tambi\u00e9n lo coloco entre los mejores con seis dianas.<\/p>\n<p>\u201cTiene un tiro potente como <strong>Ibrahimovic<\/strong>, la t\u00e9cnica de sudamericano y el placer de sacrificarse\u201d, declar\u00f3 el estratega de Uruguay, \u00d3scar Tab\u00e1rez..<\/p>\n<p>Aunque el presidente del PSG, Nasser Al Khelaifi asegur\u00f3 que &#8220;Cavani no saldr\u00e1 del equipo&#8221;, el <em>Daily Mail<\/em> resalta la posibilidad de que el traspaso se concrete por una cifra superior a los 50 millones de euros.<\/p>\n<p><iframe loading=\"lazy\" src=\"https:\/\/www.youtube.com\/embed\/ZKEbf3eBgeI?feature=oembed\" frameborder=\"0\" allowfullscreen><\/iframe><\/p>\n","protected":false},"excerpt":{"rendered":"<p>Los Red Devils mueven los euros para retocar la plantilla previo a la temporada 2015-16<\/p>\n","protected":false},"author":20,"featured_media":286656,"comment_status":"open","ping_status":"open","sticky":false,"template":"","format":"standard","meta":[],"categories":[3839,3844,3846],"tags":[640,4847,43],"_links":{"self":[{"href":"http:\/\/desarrollo.grupomedios.com\/futbol\/wp-json\/wp\/v2\/posts\/286630"}],"collection":[{"href":"http:\/\/desarrollo.grupomedios.com\/futbol\/wp-json\/wp\/v2\/posts"}],"about":[{"href":"http:\/\/desarrollo.grupomedios.com\/futbol\/wp-json\/wp\/v2\/types\/post"}],"author":[{"embeddable":true,"href":"http:\/\/desarrollo.grupomedios.com\/futbol\/wp-json\/wp\/v2\/users\/20"}],"replies":[{"embeddable":true,"href":"http:\/\/desarrollo.grupomedios.com\/futbol\/wp-json\/wp\/v2\/comments?post=286630"}],"version-history":[{"count":0,"href":"http:\/\/desarrollo.grupomedios.com\/futbol\/wp-json\/wp\/v2\/posts\/286630\/revisions"}],"wp:featuredmedia":[{"embeddable":true,"href":"http:\/\/desarrollo.grupomedios.com\/futbol\/wp-json\/wp\/v2\/media\/286656"}],"wp:attachment":[{"href":"http:\/\/desarrollo.grupomedios.com\/futbol\/wp-json\/wp\/v2\/media?parent=286630"}],"wp:term":[{"taxonomy":"category","embeddable":true,"href":"http:\/\/desarrollo.grupomedios.com\/futbol\/wp-json\/wp\/v2\/categories?post=286630"},{"taxonomy":"post_tag","embeddable":true,"href":"http:\/\/desarrollo.grupomedios.com\/futbol\/wp-json\/wp\/v2\/tags?post=286630"}],"curies":[{"name":"wp","href":"https:\/\/api.w.org\/{rel}","templated":true}]}}