{"id":286726,"date":"2015-06-17T16:26:12","date_gmt":"2015-06-17T21:26:12","guid":{"rendered":"http:\/\/futboltotal.com.mx\/?p=286726"},"modified":"2015-06-17T16:26:12","modified_gmt":"2015-06-17T21:26:12","slug":"twitter-frustra-contrataciones-del-atlas","status":"publish","type":"post","link":"http:\/\/desarrollo.grupomedios.com\/futbol\/futbol-mexicano\/twitter-frustra-contrataciones-del-atlas\/2015\/06","title":{"rendered":"Twitter frustra contrataciones del Atlas"},"content":{"rendered":"<p>El director deportivo de <strong>Atlas<\/strong>, Heriberto Ram\u00f3n Morales, asegur\u00f3 que est\u00e1n cerca de amarrar a sus \u00faltimos refuerzos; sin embargo, algunas negociaciones se han tardado debido a tuits y publicaciones en redes, donde se filtraron los nombres de las posibles contrataciones.<\/p>\n<p>\u201cA Ram\u00f3n \u00c1bila lo ten\u00edamos muy contemplado, fuimos all\u00e1 y en cuanto se dio un tuit de ac\u00e1, el presidente me lo ense\u00f1\u00f3 directamente en la cancha y me dijo \u2018te val\u00eda dos y ahora te vale cinco\u2019 y lo mismo con Edson Puch, tambi\u00e9n lo ten\u00edamos y est\u00e1 en la selecci\u00f3n de Chile\u201d afirm\u00f3 el directivo.<\/p>\n<p>Ambos jugadores quedaron descartados, por los tuits que echaron para atr\u00e1s la negociaci\u00f3n; no obstante, la directiva del <strong>Atlas<\/strong> busca amarrar a dos o tres futbolistas en las pr\u00f3ximas 24 horas, entre los cuales, no est\u00e1 incluido Mat\u00edas Vuoso.<\/p>\n<p>&#8220;Nos da gusto que le vaya bien en Copa Am\u00e9rica, pero no entra en nuestros planes&#8221;, asever\u00f3 Heriberto Ram\u00f3n, en cuanto a la situaci\u00f3n de Vuoso con los <em>rojinegros<\/em>.<\/p>\n","protected":false},"excerpt":{"rendered":"<p>Los rojinegros se han quedado con las ganas de fichar a futbolistas por causa del Twitter<\/p>\n","protected":false},"author":20,"featured_media":286744,"comment_status":"open","ping_status":"open","sticky":false,"template":"","format":"standard","meta":[],"categories":[2198,3845],"tags":[5961,4847,1965,584,4362],"_links":{"self":[{"href":"http:\/\/desarrollo.grupomedios.com\/futbol\/wp-json\/wp\/v2\/posts\/286726"}],"collection":[{"href":"http:\/\/desarrollo.grupomedios.com\/futbol\/wp-json\/wp\/v2\/posts"}],"about":[{"href":"http:\/\/desarrollo.grupomedios.com\/futbol\/wp-json\/wp\/v2\/types\/post"}],"author":[{"embeddable":true,"href":"http:\/\/desarrollo.grupomedios.com\/futbol\/wp-json\/wp\/v2\/users\/20"}],"replies":[{"embeddable":true,"href":"http:\/\/desarrollo.grupomedios.com\/futbol\/wp-json\/wp\/v2\/comments?post=286726"}],"version-history":[{"count":0,"href":"http:\/\/desarrollo.grupomedios.com\/futbol\/wp-json\/wp\/v2\/posts\/286726\/revisions"}],"wp:featuredmedia":[{"embeddable":true,"href":"http:\/\/desarrollo.grupomedios.com\/futbol\/wp-json\/wp\/v2\/media\/286744"}],"wp:attachment":[{"href":"http:\/\/desarrollo.grupomedios.com\/futbol\/wp-json\/wp\/v2\/media?parent=286726"}],"wp:term":[{"taxonomy":"category","embeddable":true,"href":"http:\/\/desarrollo.grupomedios.com\/futbol\/wp-json\/wp\/v2\/categories?post=286726"},{"taxonomy":"post_tag","embeddable":true,"href":"http:\/\/desarrollo.grupomedios.com\/futbol\/wp-json\/wp\/v2\/tags?post=286726"}],"curies":[{"name":"wp","href":"https:\/\/api.w.org\/{rel}","templated":true}]}}