{"id":286729,"date":"2015-06-17T16:01:44","date_gmt":"2015-06-17T21:01:44","guid":{"rendered":"http:\/\/futboltotal.com.mx\/?p=286729"},"modified":"2015-06-17T16:05:34","modified_gmt":"2015-06-17T21:05:34","slug":"fabio-santos-en-la-mira-de-cruz-azul","status":"publish","type":"post","link":"http:\/\/desarrollo.grupomedios.com\/futbol\/futbol-mexicano\/fabio-santos-en-la-mira-de-cruz-azul\/2015\/06","title":{"rendered":"Fabio Santos, en la mira de Cruz Azul"},"content":{"rendered":"<p>La directiva del <strong>Cruz Azul<\/strong> tiene en la mira al zaguero de Corinthians, <strong>Fabio Santos<\/strong>, e inclusive se dice que el club brasile\u00f1o ya le puso una oferta a la m\u00e1quina.<\/p>\n<p>El diario Lance asegura que la contrataci\u00f3n\u00a0de <strong>Cruz Azul<\/strong> es un hecho, y que se dar\u00eda a m\u00e1s tardar la siguiente semana, luego de que Corinthians no renovar\u00e1 el contrato del lateral.<\/p>\n","protected":false},"excerpt":{"rendered":"<p>La m\u00e1quina pretende amarrar al lateral de Corinthians<\/p>\n","protected":false},"author":20,"featured_media":286735,"comment_status":"open","ping_status":"open","sticky":false,"template":"","format":"standard","meta":[],"categories":[2198,3845],"tags":[322,5962,5551,4847],"_links":{"self":[{"href":"http:\/\/desarrollo.grupomedios.com\/futbol\/wp-json\/wp\/v2\/posts\/286729"}],"collection":[{"href":"http:\/\/desarrollo.grupomedios.com\/futbol\/wp-json\/wp\/v2\/posts"}],"about":[{"href":"http:\/\/desarrollo.grupomedios.com\/futbol\/wp-json\/wp\/v2\/types\/post"}],"author":[{"embeddable":true,"href":"http:\/\/desarrollo.grupomedios.com\/futbol\/wp-json\/wp\/v2\/users\/20"}],"replies":[{"embeddable":true,"href":"http:\/\/desarrollo.grupomedios.com\/futbol\/wp-json\/wp\/v2\/comments?post=286729"}],"version-history":[{"count":0,"href":"http:\/\/desarrollo.grupomedios.com\/futbol\/wp-json\/wp\/v2\/posts\/286729\/revisions"}],"wp:featuredmedia":[{"embeddable":true,"href":"http:\/\/desarrollo.grupomedios.com\/futbol\/wp-json\/wp\/v2\/media\/286735"}],"wp:attachment":[{"href":"http:\/\/desarrollo.grupomedios.com\/futbol\/wp-json\/wp\/v2\/media?parent=286729"}],"wp:term":[{"taxonomy":"category","embeddable":true,"href":"http:\/\/desarrollo.grupomedios.com\/futbol\/wp-json\/wp\/v2\/categories?post=286729"},{"taxonomy":"post_tag","embeddable":true,"href":"http:\/\/desarrollo.grupomedios.com\/futbol\/wp-json\/wp\/v2\/tags?post=286729"}],"curies":[{"name":"wp","href":"https:\/\/api.w.org\/{rel}","templated":true}]}}