{"id":286879,"date":"2015-06-18T11:56:04","date_gmt":"2015-06-18T16:56:04","guid":{"rendered":"http:\/\/futboltotal.com.mx\/?p=286879"},"modified":"2015-06-18T11:56:19","modified_gmt":"2015-06-18T16:56:19","slug":"charlyn-corral-pide-salida-de-leo-cuellar","status":"publish","type":"post","link":"http:\/\/desarrollo.grupomedios.com\/futbol\/futbol-mexicano\/charlyn-corral-pide-salida-de-leo-cuellar\/2015\/06","title":{"rendered":"Charlyn Corral pide salida de Leo Cu\u00e9llar"},"content":{"rendered":"<p>Tras la eliminaci\u00f3n de la <strong>selecci\u00f3n de M\u00e9xico<\/strong> del <strong>Mundial Femenil<\/strong>, <strong>Charlyn Corral<\/strong> apunt\u00f3 que el futbol femenil mexicano acusa un estancamiento. Y sin empacho,\u00a0la goleadora <em>tricolor<\/em>\u00a0consider\u00f3 que un cambio en el \u00e1rea t\u00e9cnica, la cual encabeza <strong>Leonardo Cu\u00e9llar<\/strong>, podr\u00eda encaminar una renovaci\u00f3n.<\/p>\n<p>&#8220;Como veo es que ya estamos estancadas, ves un Colombia, un Costa Rica y crecen, son equipos que han crecido y nosotras nos estamos estancando. La verdad es que ya hemos platicado muchas, yo creo que pues el <em>profe<\/em> (Leonardo Cu\u00e9llar) ha ayudado much\u00edsimo a nuestro programa, pero es momento de renovarnos,\u00a0porque a veces sentimos que ya no nos est\u00e1n ayudando&#8221;, coment\u00f3 <strong>Charlyn Corral<\/strong>.<\/p>\n<p>Este mi\u00e9rcoles, <a href=\"http:\/\/futboltotal.com.mx\/2015\/06\/mexico-eliminado-del-mundial-femenil\/\"><strong>M\u00e9xico<\/strong> perdi\u00f3 5-0 contra Francia<\/a> y se despidi\u00f3 del <strong>Mundial Femenil<\/strong> celebrado en Canad\u00e1. En ese contexto,\u00a0cabe se\u00f1alar que el <em>Tri<\/em> nunca ha ganado un partido de <strong>Copa del Mundo<\/strong>, certamen en el que ha participado en tres oportunidades.<\/p>\n<p>El objetivo no se cumpli\u00f3.\u00a0\u00bfMomento de replantear y rehacer el proyecto? A saber. Lo cierto es que desde 1998, <strong>Leonardo Cuellar <\/strong>es el director deportivo de las Selecciones Nacionales Femeniles en M\u00e9xico, adem\u00e1s de dirigir la selecci\u00f3n mayor y tener\u00a0influencia en los representativos menores.<\/p>\n","protected":false},"excerpt":{"rendered":"<p>&#8220;Es momento de renovarnos&#8221;, sentenci\u00f3 la goleadora del Tri<\/p>\n","protected":false},"author":20,"featured_media":286881,"comment_status":"open","ping_status":"open","sticky":false,"template":"","format":"standard","meta":[],"categories":[2198,3847],"tags":[4008],"_links":{"self":[{"href":"http:\/\/desarrollo.grupomedios.com\/futbol\/wp-json\/wp\/v2\/posts\/286879"}],"collection":[{"href":"http:\/\/desarrollo.grupomedios.com\/futbol\/wp-json\/wp\/v2\/posts"}],"about":[{"href":"http:\/\/desarrollo.grupomedios.com\/futbol\/wp-json\/wp\/v2\/types\/post"}],"author":[{"embeddable":true,"href":"http:\/\/desarrollo.grupomedios.com\/futbol\/wp-json\/wp\/v2\/users\/20"}],"replies":[{"embeddable":true,"href":"http:\/\/desarrollo.grupomedios.com\/futbol\/wp-json\/wp\/v2\/comments?post=286879"}],"version-history":[{"count":0,"href":"http:\/\/desarrollo.grupomedios.com\/futbol\/wp-json\/wp\/v2\/posts\/286879\/revisions"}],"wp:featuredmedia":[{"embeddable":true,"href":"http:\/\/desarrollo.grupomedios.com\/futbol\/wp-json\/wp\/v2\/media\/286881"}],"wp:attachment":[{"href":"http:\/\/desarrollo.grupomedios.com\/futbol\/wp-json\/wp\/v2\/media?parent=286879"}],"wp:term":[{"taxonomy":"category","embeddable":true,"href":"http:\/\/desarrollo.grupomedios.com\/futbol\/wp-json\/wp\/v2\/categories?post=286879"},{"taxonomy":"post_tag","embeddable":true,"href":"http:\/\/desarrollo.grupomedios.com\/futbol\/wp-json\/wp\/v2\/tags?post=286879"}],"curies":[{"name":"wp","href":"https:\/\/api.w.org\/{rel}","templated":true}]}}